{"id":93110,"date":"2024-04-09T10:49:16","date_gmt":"2024-04-09T13:49:16","guid":{"rendered":"https:\/\/portalmovil.com.ar\/?p=93110"},"modified":"2024-04-09T10:49:19","modified_gmt":"2024-04-09T13:49:19","slug":"fueron-detenidos-por-manejar-a-alta-velocidad-por-av-soberania-en-una-moto-robada","status":"publish","type":"post","link":"https:\/\/portalmovil.com.ar\/index.php\/2024\/04\/09\/fueron-detenidos-por-manejar-a-alta-velocidad-por-av-soberania-en-una-moto-robada\/","title":{"rendered":"Fueron detenidos por manejar a alta velocidad por Av. Soberan\u00eda en una moto robada"},"content":{"rendered":"\n<p>Esta madrugada, cerca de las 03:30 horas, personal policial en la intersecci\u00f3n de la avenida Soberan\u00eda Nacional y calle 26 divis\u00f3 a dos j\u00f3venes a bordo de una motocicleta circulando a alta velocidad. Ante esta situaci\u00f3n, los agentes detuvieron la marcha de ambos, trat\u00e1ndose de un menor de 16 a\u00f1os y un hombre de 22.<\/p>\n\n\n\n<p>Durante la identificaci\u00f3n, se verific\u00f3 que la motocicleta en la que se desplazaban, una Honda Titan 150cc de color azul, ten\u00eda el dominio sin colocar y presentaba un pedido activo de la Comisar\u00eda 7ma Metropolitana por un robo ocurrido horas antes.<\/p>\n\n\n\n<p>Por tal motivo, se procedi\u00f3 a la detenci\u00f3n de ambos y se remitieron las actuaciones a la Comisar\u00eda 7ma Metropolitana para continuar con el proceso correspondiente.<\/p>\n","protected":false},"excerpt":{"rendered":"<p>Esta madrugada, cerca de las 03:30 horas, personal policial en la intersecci\u00f3n de la avenida Soberan\u00eda Nacional y calle 26 divis\u00f3 a dos j\u00f3venes a bordo de una motocicleta circulando a alta velocidad. Ante esta situaci\u00f3n, los agentes detuvieron la marcha de ambos, trat\u00e1ndose de un menor de 16 a\u00f1os y un hombre de 22. &hellip;<\/p>\n","protected":false},"author":6,"featured_media":93111,"comment_status":"open","ping_status":"open","sticky":false,"template":"","format":"standard","meta":{"_jetpack_memberships_contains_paid_content":false,"footnotes":"","jetpack_publicize_message":"","jetpack_publicize_feature_enabled":true,"jetpack_social_post_already_shared":true,"jetpack_social_options":{"image_generator_settings":{"template":"highway","default_image_id":0,"font":"","enabled":false},"version":2}},"categories":[8,37],"tags":[],"class_list":["post-93110","post","type-post","status-publish","format-standard","has-post-thumbnail","hentry","category-policiales","category-resistencia"],"jetpack_publicize_connections":[],"jetpack_featured_media_url":"https:\/\/portalmovil.com.ar\/wp-content\/uploads\/2024\/04\/resistencia-1-2.webp","jetpack_sharing_enabled":true,"amp_enabled":true,"_links":{"self":[{"href":"https:\/\/portalmovil.com.ar\/index.php\/wp-json\/wp\/v2\/posts\/93110","targetHints":{"allow":["GET"]}}],"collection":[{"href":"https:\/\/portalmovil.com.ar\/index.php\/wp-json\/wp\/v2\/posts"}],"about":[{"href":"https:\/\/portalmovil.com.ar\/index.php\/wp-json\/wp\/v2\/types\/post"}],"author":[{"embeddable":true,"href":"https:\/\/portalmovil.com.ar\/index.php\/wp-json\/wp\/v2\/users\/6"}],"replies":[{"embeddable":true,"href":"https:\/\/portalmovil.com.ar\/index.php\/wp-json\/wp\/v2\/comments?post=93110"}],"version-history":[{"count":1,"href":"https:\/\/portalmovil.com.ar\/index.php\/wp-json\/wp\/v2\/posts\/93110\/revisions"}],"predecessor-version":[{"id":93112,"href":"https:\/\/portalmovil.com.ar\/index.php\/wp-json\/wp\/v2\/posts\/93110\/revisions\/93112"}],"wp:featuredmedia":[{"embeddable":true,"href":"https:\/\/portalmovil.com.ar\/index.php\/wp-json\/wp\/v2\/media\/93111"}],"wp:attachment":[{"href":"https:\/\/portalmovil.com.ar\/index.php\/wp-json\/wp\/v2\/media?parent=93110"}],"wp:term":[{"taxonomy":"category","embeddable":true,"href":"https:\/\/portalmovil.com.ar\/index.php\/wp-json\/wp\/v2\/categories?post=93110"},{"taxonomy":"post_tag","embeddable":true,"href":"https:\/\/portalmovil.com.ar\/index.php\/wp-json\/wp\/v2\/tags?post=93110"}],"curies":[{"name":"wp","href":"https:\/\/api.w.org\/{rel}","templated":true}]}}