{"id":92852,"date":"2024-04-03T10:37:32","date_gmt":"2024-04-03T13:37:32","guid":{"rendered":"https:\/\/portalmovil.com.ar\/?p=92852"},"modified":"2024-04-03T10:37:34","modified_gmt":"2024-04-03T13:37:34","slug":"detuvieron-a-un-joven-que-caminaba-por-los-techos-con-elementos-robados","status":"publish","type":"post","link":"https:\/\/portalmovil.com.ar\/index.php\/2024\/04\/03\/detuvieron-a-un-joven-que-caminaba-por-los-techos-con-elementos-robados\/","title":{"rendered":"Detuvieron a un joven que caminaba por los techos con elementos robados"},"content":{"rendered":"\n<p>El hecho ocurri\u00f3 en la madrugada de este mi\u00e9rcoles alrededor de las 5, vecinos denunciaron la presencia de un extra\u00f1o en los techos de las viviendas, por ello se hizo presente personal de la Comisar\u00eda Segunda que detuvo a un joven de 22 a\u00f1os.<\/p>\n\n\n\n<p>El sujeto ten\u00eda en su poder un pan dulce, nueve jugos, cuatro yogurts, tres paquetes de bolsas de nil\u00f3n de 20 x 30, un sistema el\u00e9ctrico de ventilador, cinco conectores de fluorescentes, 10 metros de luces de navidad, un tramo de cable trif\u00e1sico del 6mm, un tramo de cable trif\u00e1sico de 4mm, y dinero en efectivo.<\/p>\n\n\n\n<p>El joven fue detenido conforme lo dispuesto por la Fiscal\u00eda en turno en una causa por \u00abSupuesta Violaci\u00f3n de Domicilio\u00bb. Adem\u00e1s, descubrieron con el sistema Si.Ge.Bi, que el sospechoso presentar\u00eda un pedido de comparendo activo de fecha 28 de marzo de 2024.<\/p>\n","protected":false},"excerpt":{"rendered":"<p>El hecho ocurri\u00f3 en la madrugada de este mi\u00e9rcoles alrededor de las 5, vecinos denunciaron la presencia de un extra\u00f1o en los techos de las viviendas, por ello se hizo presente personal de la Comisar\u00eda Segunda que detuvo a un joven de 22 a\u00f1os. El sujeto ten\u00eda en su poder un pan dulce, nueve jugos, &hellip;<\/p>\n","protected":false},"author":6,"featured_media":92853,"comment_status":"open","ping_status":"open","sticky":false,"template":"","format":"standard","meta":{"_jetpack_memberships_contains_paid_content":false,"footnotes":"","jetpack_publicize_message":"","jetpack_publicize_feature_enabled":true,"jetpack_social_post_already_shared":true,"jetpack_social_options":{"image_generator_settings":{"template":"highway","default_image_id":0,"font":"","enabled":false},"version":2}},"categories":[8,37],"tags":[],"class_list":["post-92852","post","type-post","status-publish","format-standard","has-post-thumbnail","hentry","category-policiales","category-resistencia"],"jetpack_publicize_connections":[],"jetpack_featured_media_url":"https:\/\/portalmovil.com.ar\/wp-content\/uploads\/2024\/04\/resistencia-1.webp","jetpack_sharing_enabled":true,"amp_enabled":true,"_links":{"self":[{"href":"https:\/\/portalmovil.com.ar\/index.php\/wp-json\/wp\/v2\/posts\/92852","targetHints":{"allow":["GET"]}}],"collection":[{"href":"https:\/\/portalmovil.com.ar\/index.php\/wp-json\/wp\/v2\/posts"}],"about":[{"href":"https:\/\/portalmovil.com.ar\/index.php\/wp-json\/wp\/v2\/types\/post"}],"author":[{"embeddable":true,"href":"https:\/\/portalmovil.com.ar\/index.php\/wp-json\/wp\/v2\/users\/6"}],"replies":[{"embeddable":true,"href":"https:\/\/portalmovil.com.ar\/index.php\/wp-json\/wp\/v2\/comments?post=92852"}],"version-history":[{"count":1,"href":"https:\/\/portalmovil.com.ar\/index.php\/wp-json\/wp\/v2\/posts\/92852\/revisions"}],"predecessor-version":[{"id":92854,"href":"https:\/\/portalmovil.com.ar\/index.php\/wp-json\/wp\/v2\/posts\/92852\/revisions\/92854"}],"wp:featuredmedia":[{"embeddable":true,"href":"https:\/\/portalmovil.com.ar\/index.php\/wp-json\/wp\/v2\/media\/92853"}],"wp:attachment":[{"href":"https:\/\/portalmovil.com.ar\/index.php\/wp-json\/wp\/v2\/media?parent=92852"}],"wp:term":[{"taxonomy":"category","embeddable":true,"href":"https:\/\/portalmovil.com.ar\/index.php\/wp-json\/wp\/v2\/categories?post=92852"},{"taxonomy":"post_tag","embeddable":true,"href":"https:\/\/portalmovil.com.ar\/index.php\/wp-json\/wp\/v2\/tags?post=92852"}],"curies":[{"name":"wp","href":"https:\/\/api.w.org\/{rel}","templated":true}]}}