{"id":92738,"date":"2024-03-29T22:29:41","date_gmt":"2024-03-30T01:29:41","guid":{"rendered":"https:\/\/portalmovil.com.ar\/?p=92738"},"modified":"2024-03-29T22:29:44","modified_gmt":"2024-03-30T01:29:44","slug":"puerto-vilelas-intensifica-el-fortalecimiento-de-la-seguridad-en-la-localidad","status":"publish","type":"post","link":"https:\/\/portalmovil.com.ar\/index.php\/2024\/03\/29\/puerto-vilelas-intensifica-el-fortalecimiento-de-la-seguridad-en-la-localidad\/","title":{"rendered":"Puerto Vilelas intensifica el fortalecimiento de la Seguridad en La Localidad"},"content":{"rendered":"\n<p>Continuando con las gestiones para brindar respuestas a las demandas de su comunidad, la Municipalidad de Puerto Vilelas conducida por el intendente Marcelo \u201cColo\u201d Gonz\u00e1lez, a trav\u00e9s de la Secretar\u00eda de Seguridad P\u00fablica, Vial y Ambiental, se encuentra llevando adelante m\u00faltiples gestiones en pos de fortalecer el sistema de seguridad en distintos puntos de la localidad.<\/p>\n\n\n\n<figure class=\"wp-block-image\"><img decoding=\"async\" src=\"http:\/\/www.noticiasdelparana.com.ar\/NuevaEdicion\/wp-content\/uploads\/2024\/03\/ecom.jpg\" alt=\"\" class=\"wp-image-243694\"\/><\/figure>\n\n\n\n<p>En primer lugar, el secretario de Seguridad P\u00fablica, Vial y Ambiental, Javier Gonz\u00e1lez, junto a su equipo de trabajo, mantuvieron una charla organizativa para la pronta instalaci\u00f3n de las c\u00e1maras de video vigilancia que ser\u00e1n colocadas en todo el tramo de la avenida San Mart\u00edn. \u201cEstas c\u00e1maras permiten un mejor reconocimiento facial de personas y la visualizaci\u00f3n de patentes a larga distancia, ser\u00e1n puestas en funcionamiento en la Sala de Monitoreo de nuestra Secretar\u00eda\u201d, remarc\u00f3 el funcionario municipal, adem\u00e1s de anunciar que se ampliar\u00e1 la red de fibra \u00f3ptica a lo largo de la avenida San Mart\u00edn hasta llegar al pescador\u201d.<\/p>\n\n\n\n<p>Por otra parte, el equipo t\u00e9cnico&nbsp; de la comuna vilelense llev\u00f3 adelante el mantenimiento de c\u00e1maras en el barrio 50 viviendas y la primera etapa de instalaci\u00f3n en el barrio Ex Ferrocarril. Estas c\u00e1maras, ubicadas en lugares estrat\u00e9gicos, ayudan a controlar el ingreso de personas a los barrios y al estar conectadas de manera online con grupos de seguridad vecinal y policial, contribuyen a la tranquilidad de la comunidad.<\/p>\n\n\n\n<p>Por otra parte, los equipos de electricistas del Municipio realizaron el recambio de luminarias en los barrios San Jos\u00e9 y Lote 24. Estas tareas de instalaci\u00f3n y reparaci\u00f3n est\u00e1n \u00edntegramente realizadas por los t\u00e9cnicos y operarios vilelenses dispuestos en guardias de 24 horas, los 7 d\u00edas de la semana. Estas luminarias, fueron adquiridas con recursos propios e instalados en lugares estrat\u00e9gicos, escuchando las sugerencias de los vecinos de cada barrio.<\/p>\n\n\n\n<p>La colaboraci\u00f3n de los vecinos es de suma importancia, denunciando a quienes intenten atacar el sistema de alumbrado p\u00fablico.<\/p>\n","protected":false},"excerpt":{"rendered":"<p>Continuando con las gestiones para brindar respuestas a las demandas de su comunidad, la Municipalidad de Puerto Vilelas conducida por el intendente Marcelo \u201cColo\u201d Gonz\u00e1lez, a trav\u00e9s de la Secretar\u00eda de Seguridad P\u00fablica, Vial y Ambiental, se encuentra llevando adelante m\u00faltiples gestiones en pos de fortalecer el sistema de seguridad en distintos puntos de la &hellip;<\/p>\n","protected":false},"author":2,"featured_media":92739,"comment_status":"open","ping_status":"open","sticky":false,"template":"","format":"standard","meta":{"_jetpack_memberships_contains_paid_content":false,"footnotes":"","jetpack_publicize_message":"","jetpack_publicize_feature_enabled":true,"jetpack_social_post_already_shared":true,"jetpack_social_options":{"image_generator_settings":{"template":"highway","default_image_id":0,"font":"","enabled":false},"version":2}},"categories":[5,14],"tags":[],"class_list":["post-92738","post","type-post","status-publish","format-standard","has-post-thumbnail","hentry","category-chaco","category-politica"],"jetpack_publicize_connections":[],"jetpack_featured_media_url":"https:\/\/portalmovil.com.ar\/wp-content\/uploads\/2024\/03\/vilelas-camarasecom.jpg","jetpack_sharing_enabled":true,"amp_enabled":true,"_links":{"self":[{"href":"https:\/\/portalmovil.com.ar\/index.php\/wp-json\/wp\/v2\/posts\/92738","targetHints":{"allow":["GET"]}}],"collection":[{"href":"https:\/\/portalmovil.com.ar\/index.php\/wp-json\/wp\/v2\/posts"}],"about":[{"href":"https:\/\/portalmovil.com.ar\/index.php\/wp-json\/wp\/v2\/types\/post"}],"author":[{"embeddable":true,"href":"https:\/\/portalmovil.com.ar\/index.php\/wp-json\/wp\/v2\/users\/2"}],"replies":[{"embeddable":true,"href":"https:\/\/portalmovil.com.ar\/index.php\/wp-json\/wp\/v2\/comments?post=92738"}],"version-history":[{"count":1,"href":"https:\/\/portalmovil.com.ar\/index.php\/wp-json\/wp\/v2\/posts\/92738\/revisions"}],"predecessor-version":[{"id":92740,"href":"https:\/\/portalmovil.com.ar\/index.php\/wp-json\/wp\/v2\/posts\/92738\/revisions\/92740"}],"wp:featuredmedia":[{"embeddable":true,"href":"https:\/\/portalmovil.com.ar\/index.php\/wp-json\/wp\/v2\/media\/92739"}],"wp:attachment":[{"href":"https:\/\/portalmovil.com.ar\/index.php\/wp-json\/wp\/v2\/media?parent=92738"}],"wp:term":[{"taxonomy":"category","embeddable":true,"href":"https:\/\/portalmovil.com.ar\/index.php\/wp-json\/wp\/v2\/categories?post=92738"},{"taxonomy":"post_tag","embeddable":true,"href":"https:\/\/portalmovil.com.ar\/index.php\/wp-json\/wp\/v2\/tags?post=92738"}],"curies":[{"name":"wp","href":"https:\/\/api.w.org\/{rel}","templated":true}]}}