{"id":9249,"date":"2020-07-15T15:03:54","date_gmt":"2020-07-15T18:03:54","guid":{"rendered":"http:\/\/portalmovil.com.ar\/?p=9249"},"modified":"2020-07-15T15:03:58","modified_gmt":"2020-07-15T18:03:58","slug":"legalizacion-del-aborto-el-gobierno-asegura-que-tiene-listo-el-proyecto","status":"publish","type":"post","link":"https:\/\/portalmovil.com.ar\/index.php\/2020\/07\/15\/legalizacion-del-aborto-el-gobierno-asegura-que-tiene-listo-el-proyecto\/","title":{"rendered":"Legalizaci\u00f3n del aborto: el Gobierno asegura que tiene listo el proyecto"},"content":{"rendered":"\n<p>El presidente Alberto Fern\u00e1ndez hab\u00eda prometido que \u00e9l mismo impulsar\u00eda un proyecto de ley para legalizar la interrupci\u00f3n voluntaria del embarazo en Argentina. Si bien el coronavirus atras\u00f3 los planes, en las \u00faltimas horas una alta funcionaria dej\u00f3 una frase contundente: \u00abEl proyecto de legalizaci\u00f3n del aborto est\u00e1 listo\u00bb.<\/p>\n\n\n\n<p>Quien lo dijo fue Vilma Ibarra, Secretaria Legal y T\u00e9cnica de la Presidencia, mano derecha de Fern\u00e1ndez en una gran cantidad de temas.<\/p>\n\n\n\n<p>Adem\u00e1s, afirm\u00f3 que el objetivo es impedir\u00a0<strong>\u201clas muertes evitables de mujeres\u201d<\/strong>\u00a0y asegur\u00f3 que el proyecto tiene el total aval del presidente. El di\u00e1logo se dio en una entrevista en el programa\u00a0<strong><em>Animales Sueltos<\/em>.<\/strong><\/p>\n\n\n\n<p>Ibarra admiti\u00f3 adem\u00e1s que \u201clos abortos suceden de a miles\u201d y critic\u00f3 que, con la legislaci\u00f3n actual, \u201clas mujeres mueren en abortos clandestinos porque est\u00e1n amenazadas de ir a la c\u00e1rcel\u201d.<\/p>\n\n\n\n<p>De todas maneras, debido a la situaci\u00f3n que implica la pandemia, la funcionaria\u00a0no pudo adelantar en qu\u00e9 fecha\u00a0ser\u00e1 enviado el proyecto al Congreso.<\/p>\n","protected":false},"excerpt":{"rendered":"<p>El presidente Alberto Fern\u00e1ndez hab\u00eda prometido que \u00e9l mismo impulsar\u00eda un proyecto de ley para legalizar la interrupci\u00f3n voluntaria del embarazo en Argentina. Si bien el coronavirus atras\u00f3 los planes, en las \u00faltimas horas una alta funcionaria dej\u00f3 una frase contundente: \u00abEl proyecto de legalizaci\u00f3n del aborto est\u00e1 listo\u00bb. Quien lo dijo fue Vilma Ibarra, &hellip;<\/p>\n","protected":false},"author":2,"featured_media":9250,"comment_status":"open","ping_status":"open","sticky":false,"template":"","format":"standard","meta":{"_jetpack_memberships_contains_paid_content":false,"footnotes":"","jetpack_publicize_message":"","jetpack_publicize_feature_enabled":true,"jetpack_social_post_already_shared":true,"jetpack_social_options":{"image_generator_settings":{"template":"highway","default_image_id":0,"font":"","enabled":false},"version":2}},"categories":[34],"tags":[],"class_list":["post-9249","post","type-post","status-publish","format-standard","has-post-thumbnail","hentry","category-nacional"],"jetpack_publicize_connections":[],"jetpack_featured_media_url":"https:\/\/portalmovil.com.ar\/wp-content\/uploads\/2020\/07\/senadooo-696x522-1.jpg","jetpack_sharing_enabled":true,"amp_enabled":true,"_links":{"self":[{"href":"https:\/\/portalmovil.com.ar\/index.php\/wp-json\/wp\/v2\/posts\/9249","targetHints":{"allow":["GET"]}}],"collection":[{"href":"https:\/\/portalmovil.com.ar\/index.php\/wp-json\/wp\/v2\/posts"}],"about":[{"href":"https:\/\/portalmovil.com.ar\/index.php\/wp-json\/wp\/v2\/types\/post"}],"author":[{"embeddable":true,"href":"https:\/\/portalmovil.com.ar\/index.php\/wp-json\/wp\/v2\/users\/2"}],"replies":[{"embeddable":true,"href":"https:\/\/portalmovil.com.ar\/index.php\/wp-json\/wp\/v2\/comments?post=9249"}],"version-history":[{"count":1,"href":"https:\/\/portalmovil.com.ar\/index.php\/wp-json\/wp\/v2\/posts\/9249\/revisions"}],"predecessor-version":[{"id":9251,"href":"https:\/\/portalmovil.com.ar\/index.php\/wp-json\/wp\/v2\/posts\/9249\/revisions\/9251"}],"wp:featuredmedia":[{"embeddable":true,"href":"https:\/\/portalmovil.com.ar\/index.php\/wp-json\/wp\/v2\/media\/9250"}],"wp:attachment":[{"href":"https:\/\/portalmovil.com.ar\/index.php\/wp-json\/wp\/v2\/media?parent=9249"}],"wp:term":[{"taxonomy":"category","embeddable":true,"href":"https:\/\/portalmovil.com.ar\/index.php\/wp-json\/wp\/v2\/categories?post=9249"},{"taxonomy":"post_tag","embeddable":true,"href":"https:\/\/portalmovil.com.ar\/index.php\/wp-json\/wp\/v2\/tags?post=9249"}],"curies":[{"name":"wp","href":"https:\/\/api.w.org\/{rel}","templated":true}]}}