{"id":92472,"date":"2024-03-22T17:58:55","date_gmt":"2024-03-22T20:58:55","guid":{"rendered":"https:\/\/portalmovil.com.ar\/?p=92472"},"modified":"2024-03-22T17:58:58","modified_gmt":"2024-03-22T20:58:58","slug":"excarcelaron-a-los-policias-acusados-por-la-muerte-de-leandro-bravo","status":"publish","type":"post","link":"https:\/\/portalmovil.com.ar\/index.php\/2024\/03\/22\/excarcelaron-a-los-policias-acusados-por-la-muerte-de-leandro-bravo\/","title":{"rendered":"Excarcelaron a los polic\u00edas acusados por la muerte de Leandro Bravo"},"content":{"rendered":"\n<p>Este viernes los cuatro polic\u00edas acusados por la muerte de Leandro Bravo, recuperaron la libertad. <\/p>\n\n\n\n<p>Se trata de\u00a0<strong>Alexis Fleitas, Franco Sosa, Agust\u00edn D\u00edaz y Enzo G\u00f3mez<\/strong>, quienes estaban detenidos en la localidad de Concepci\u00f3n del Bermejo.<\/p>\n","protected":false},"excerpt":{"rendered":"<p>Este viernes los cuatro polic\u00edas acusados por la muerte de Leandro Bravo, recuperaron la libertad. Se trata de\u00a0Alexis Fleitas, Franco Sosa, Agust\u00edn D\u00edaz y Enzo G\u00f3mez, quienes estaban detenidos en la localidad de Concepci\u00f3n del Bermejo.<\/p>\n","protected":false},"author":2,"featured_media":92490,"comment_status":"open","ping_status":"open","sticky":false,"template":"","format":"standard","meta":{"_jetpack_memberships_contains_paid_content":false,"footnotes":"","jetpack_publicize_message":"","jetpack_publicize_feature_enabled":true,"jetpack_social_post_already_shared":true,"jetpack_social_options":{"image_generator_settings":{"template":"highway","default_image_id":0,"font":"","enabled":false},"version":2}},"categories":[5,8],"tags":[],"class_list":["post-92472","post","type-post","status-publish","format-standard","has-post-thumbnail","hentry","category-chaco","category-policiales"],"jetpack_publicize_connections":[],"jetpack_featured_media_url":"https:\/\/portalmovil.com.ar\/wp-content\/uploads\/2024\/03\/07fea301-54f1-4687-99ae-1881e6e4a619.jpg","jetpack_sharing_enabled":true,"amp_enabled":true,"_links":{"self":[{"href":"https:\/\/portalmovil.com.ar\/index.php\/wp-json\/wp\/v2\/posts\/92472","targetHints":{"allow":["GET"]}}],"collection":[{"href":"https:\/\/portalmovil.com.ar\/index.php\/wp-json\/wp\/v2\/posts"}],"about":[{"href":"https:\/\/portalmovil.com.ar\/index.php\/wp-json\/wp\/v2\/types\/post"}],"author":[{"embeddable":true,"href":"https:\/\/portalmovil.com.ar\/index.php\/wp-json\/wp\/v2\/users\/2"}],"replies":[{"embeddable":true,"href":"https:\/\/portalmovil.com.ar\/index.php\/wp-json\/wp\/v2\/comments?post=92472"}],"version-history":[{"count":1,"href":"https:\/\/portalmovil.com.ar\/index.php\/wp-json\/wp\/v2\/posts\/92472\/revisions"}],"predecessor-version":[{"id":92491,"href":"https:\/\/portalmovil.com.ar\/index.php\/wp-json\/wp\/v2\/posts\/92472\/revisions\/92491"}],"wp:featuredmedia":[{"embeddable":true,"href":"https:\/\/portalmovil.com.ar\/index.php\/wp-json\/wp\/v2\/media\/92490"}],"wp:attachment":[{"href":"https:\/\/portalmovil.com.ar\/index.php\/wp-json\/wp\/v2\/media?parent=92472"}],"wp:term":[{"taxonomy":"category","embeddable":true,"href":"https:\/\/portalmovil.com.ar\/index.php\/wp-json\/wp\/v2\/categories?post=92472"},{"taxonomy":"post_tag","embeddable":true,"href":"https:\/\/portalmovil.com.ar\/index.php\/wp-json\/wp\/v2\/tags?post=92472"}],"curies":[{"name":"wp","href":"https:\/\/api.w.org\/{rel}","templated":true}]}}