{"id":92445,"date":"2024-03-22T09:00:05","date_gmt":"2024-03-22T12:00:05","guid":{"rendered":"https:\/\/portalmovil.com.ar\/?p=92445"},"modified":"2024-03-22T09:00:08","modified_gmt":"2024-03-22T12:00:08","slug":"victoria-villarruel-se-despega-de-milei-a-la-motosierra-hay-que-usarla-con-cuidado","status":"publish","type":"post","link":"https:\/\/portalmovil.com.ar\/index.php\/2024\/03\/22\/victoria-villarruel-se-despega-de-milei-a-la-motosierra-hay-que-usarla-con-cuidado\/","title":{"rendered":"Victoria Villarruel se despega de Milei: \u201cA la motosierra hay que usarla con cuidado\u201d"},"content":{"rendered":"\n<p>En una entrevista televisiva, la vicepresidenta defendi\u00f3 el aumento de sueldos a los senadores, dijo que no ganan bien y que tuvo que dar marcha atr\u00e1s por pedido del presidente. Sostuvo que no la desvela ser presidenta de la Naci\u00f3n aunque no lo descarta y lament\u00f3 que su compa\u00f1ero de f\u00f3rmula haya designado Bullrich y a Petri de ministros de Seguridad y Defensa, respectivamente.<\/p>\n\n\n\n<p>La vicepresidenta\u00a0<strong>Victoria Villarruel<\/strong>\u00a0se despeg\u00f3 de su compa\u00f1ero de f\u00f3rmula,\u00a0<strong>Javier Milei<\/strong>, respecto de distintos asuntos de discusi\u00f3n p\u00fablica. Fue durante una larga entrevista que le concedi\u00f3 al periodista Jonatan Viale, en el\u00a0canal TN, donde dijo, de todas maneras, que apoya al Presidente, que quiere que cumpla \u201clos cuatro a\u00f1os\u201d de mandato y que, \u201csi quiere renovar, que lo pueda hacer\u201d.<\/p>\n\n\n\n<p>Mostr\u00e1ndose en todo momento relajada, sonriente y s\u00f3lida \u2014y a veces lapidaria\u2014 en sus respuestas, Villarruel afirm\u00f3 que est\u00e1 \u201ctrabajando en el Senado sumamente contenta\u201d y revel\u00f3 su deseo de que cuando termine su mandato la gente diga \u201cqu\u00e9 flor de vicepresidente que fue\u201d.<\/p>\n\n\n\n<p>A dos d\u00edas de cumplirse un nuevo aniversario del golpe militar, dijo que&nbsp;<strong>no le consta que el Presidente vaya a dictar indultos a militares condenados por haber cometido delitos de lesa humanidad<\/strong>&nbsp;y, en otro orden de asuntos conversados, expres\u00f3 su confianza en que Milei podr\u00e1 bajar la inflaci\u00f3n.<\/p>\n\n\n\n<p>Sin embargo, respecto del achicamiento de la planta del Estado se distanci\u00f3 de Milei: \u201c<strong>\u00c9l est\u00e1 con la motosierra full<\/strong>. Nosotros [en el Senado], tambi\u00e9n. Pero<strong>\u00a0tenemos que hacerlo con el cuidado<\/strong>\u00a0de que eso nos genere despu\u00e9s un gasto mayor. Y ac\u00e1 hay estabilidad laboral, eso tambi\u00e9n tengo que entenderlo, quiera o no.<strong>\u00a0Esto no es un reinado, esto es un poder del Estado que tiene determinadas reglas.\u00a0<\/strong>Yo tengo que respetar ciertas cuestiones que son legales. Me gusten o no\u201d, se\u00f1al\u00f3.<\/p>\n\n\n\n<p>M\u00e1s all\u00e1 de esto dijo que con Milei se llevan \u201cbien\u201d. \u201c<strong>Nos complementamos<\/strong>. Y creo que eso es tambi\u00e9n lo que privilegi\u00f3 el pueblo argentino cuando nos eligi\u00f3\u201d, expres\u00f3.<\/p>\n\n\n\n<p>Adem\u00e1s, se refiri\u00f3 al tratamiento del DNU 70\/2023 de desregulaci\u00f3n en el Senado y las versiones sobre el enojo que caus\u00f3 en la Casa Rosada la convocatoria a la sesi\u00f3n, en la que finalmente fue rechazado. \u201cEl DNU ya ten\u00eda pedidos de muchos senadores para que se tratara, entonces puedo, por supuesto, buscar el momento, pero a partir del momento en que la sesi\u00f3n es ordinaria, ya se hab\u00edan abierto [las sesiones], no puedo estar eternamente reteni\u00e9ndolo\u201d, argument\u00f3.<\/p>\n\n\n\n<figure class=\"wp-block-embed is-type-video is-provider-youtube wp-block-embed-youtube wp-embed-aspect-16-9 wp-has-aspect-ratio\"><div class=\"wp-block-embed__wrapper\">\n<iframe loading=\"lazy\" title=\"\u00bfLa Ves? (Programa Completo Jueves 21\/3\/24)\" width=\"500\" height=\"281\" src=\"https:\/\/www.youtube.com\/embed\/Wq2y-XHmOXw?feature=oembed\" frameborder=\"0\" allow=\"accelerometer; autoplay; clipboard-write; encrypted-media; gyroscope; picture-in-picture; web-share\" referrerpolicy=\"strict-origin-when-cross-origin\" allowfullscreen><\/iframe>\n<\/div><\/figure>\n\n\n\n<p><a href=\"https:\/\/twitter.com\/intent\/tweet?url=https:\/\/www.eldiarioar.com\/1_ab6b35%3Futm_campaign%3Dbotonera-share%26utm_medium%3Dsocial%26utm_source%3Dtwitter&amp;text=Victoria%20Villarruel%20se%20despega%20de%20Milei%3A%20%E2%80%9CA%20la%20motosierra%20hay%20que%20usarla%20con%20cuidado%22&amp;via=elDiarioAR\" target=\"_blank\" rel=\"noreferrer noopener\"><\/a><\/p>\n","protected":false},"excerpt":{"rendered":"<p>En una entrevista televisiva, la vicepresidenta defendi\u00f3 el aumento de sueldos a los senadores, dijo que no ganan bien y que tuvo que dar marcha atr\u00e1s por pedido del presidente. Sostuvo que no la desvela ser presidenta de la Naci\u00f3n aunque no lo descarta y lament\u00f3 que su compa\u00f1ero de f\u00f3rmula haya designado Bullrich y &hellip;<\/p>\n","protected":false},"author":2,"featured_media":92446,"comment_status":"open","ping_status":"open","sticky":false,"template":"","format":"standard","meta":{"_jetpack_memberships_contains_paid_content":false,"footnotes":"","jetpack_publicize_message":"","jetpack_publicize_feature_enabled":true,"jetpack_social_post_already_shared":true,"jetpack_social_options":{"image_generator_settings":{"template":"highway","default_image_id":0,"font":"","enabled":false},"version":2}},"categories":[639,14],"tags":[],"class_list":["post-92445","post","type-post","status-publish","format-standard","has-post-thumbnail","hentry","category-argentina","category-politica"],"jetpack_publicize_connections":[],"jetpack_featured_media_url":"https:\/\/portalmovil.com.ar\/wp-content\/uploads\/2024\/03\/1353752w850h567c.png.webp","jetpack_sharing_enabled":true,"amp_enabled":true,"_links":{"self":[{"href":"https:\/\/portalmovil.com.ar\/index.php\/wp-json\/wp\/v2\/posts\/92445","targetHints":{"allow":["GET"]}}],"collection":[{"href":"https:\/\/portalmovil.com.ar\/index.php\/wp-json\/wp\/v2\/posts"}],"about":[{"href":"https:\/\/portalmovil.com.ar\/index.php\/wp-json\/wp\/v2\/types\/post"}],"author":[{"embeddable":true,"href":"https:\/\/portalmovil.com.ar\/index.php\/wp-json\/wp\/v2\/users\/2"}],"replies":[{"embeddable":true,"href":"https:\/\/portalmovil.com.ar\/index.php\/wp-json\/wp\/v2\/comments?post=92445"}],"version-history":[{"count":1,"href":"https:\/\/portalmovil.com.ar\/index.php\/wp-json\/wp\/v2\/posts\/92445\/revisions"}],"predecessor-version":[{"id":92447,"href":"https:\/\/portalmovil.com.ar\/index.php\/wp-json\/wp\/v2\/posts\/92445\/revisions\/92447"}],"wp:featuredmedia":[{"embeddable":true,"href":"https:\/\/portalmovil.com.ar\/index.php\/wp-json\/wp\/v2\/media\/92446"}],"wp:attachment":[{"href":"https:\/\/portalmovil.com.ar\/index.php\/wp-json\/wp\/v2\/media?parent=92445"}],"wp:term":[{"taxonomy":"category","embeddable":true,"href":"https:\/\/portalmovil.com.ar\/index.php\/wp-json\/wp\/v2\/categories?post=92445"},{"taxonomy":"post_tag","embeddable":true,"href":"https:\/\/portalmovil.com.ar\/index.php\/wp-json\/wp\/v2\/tags?post=92445"}],"curies":[{"name":"wp","href":"https:\/\/api.w.org\/{rel}","templated":true}]}}