{"id":9242,"date":"2020-07-15T10:33:59","date_gmt":"2020-07-15T13:33:59","guid":{"rendered":"http:\/\/portalmovil.com.ar\/?p=9242"},"modified":"2020-07-15T10:34:06","modified_gmt":"2020-07-15T13:34:06","slug":"el-gobernador-tomo-juramento-a-la-nueva-cupula-de-la-policia-y-anuncio-un-aumento-del-bono-por-pandemia","status":"publish","type":"post","link":"https:\/\/portalmovil.com.ar\/index.php\/2020\/07\/15\/el-gobernador-tomo-juramento-a-la-nueva-cupula-de-la-policia-y-anuncio-un-aumento-del-bono-por-pandemia\/","title":{"rendered":"El Gobernador tom\u00f3 juramento a la nueva c\u00fapula de la Polic\u00eda y anunci\u00f3 un aumento del bono por Pandemia"},"content":{"rendered":"\n<p>El gobernador Jorge Capitanich tom\u00f3 juramento en la ma\u00f1ana de este mi\u00e9rcoles al nuevo jefe y subjefe de la Polic\u00eda del Chaco, Ariel Alejandro Acu\u00f1a y David Antonio Vega, respectivamente a quienes agradeci\u00f3 por el compromiso asumido. Adem\u00e1s anunci\u00f3 la firma del decreto por el cual se establece un mecanismo de compensaci\u00f3n complementario del recargo del Servicio por Pandemia que pasar\u00e1 de 2 mil a 5 mil pesos a partir del mes de julio. \u201cEsto se va a instrumentar de forma inmediata con este decreto\u201d dijo el gobernador.<\/p>\n\n\n\n<p>Capitanich expres\u00f3 su \u201cpleno respaldo en lo que refiere al cumplimiento de las pol\u00edticas preventivas de seguridad\u201d. Asegur\u00f3 que la sociedad chaque\u00f1a \u201cdebe considerar que como gobernador voy a estar al servicio de la seguridad p\u00fablica y en virtud de ello pretendemos fortalecer y jerarquizar el funcionamiento de seguridad p\u00fablica con la perspectiva de seguridad democr\u00e1tica que significa un pleno e irrestricto cumplimeinto de la pol\u00edtica de Derechos Humanos, respetando a los ciudadanos, pero tambi\u00e9n haciendo respetar a la fuerza, es decir dentro de la ley todo, fuera de la ley nada\u201d.<\/p>\n\n\n\n<p>\u201cQueremos fortalecer el accionar de la Polic\u00eda de la Provincia en materia preventiva, custodiando a todos nuestros ciudadanos, fortaleciendo la asignaci\u00f3n de recursos y generando las condiciones para que durante el mes de julio podamos hacer entrega de m\u00e1s de 45 nuevos patrulleros que forman parte de los requerimientos en materia de seguridad\u201d, destac\u00f3 el gobernador.<\/p>\n\n\n\n<p>Capitanich estuvo acompa\u00f1ado por la ministra de Seguridad y Justicia, Gloria Zalazar.<\/p>\n\n\n\n<p>Trayectoria<\/p>\n\n\n\n<p>Acu\u00f1a se desempe\u00f1aba como subsecretario de Investigaci\u00f3n e Inteligencia Criminal y ya hab\u00eda ocupado este cargo en la gesti\u00f3n anterior del gobernador Jorge Capitanich. En tanto que Vega, fue ex Director de Zona de Villa \u00c1ngela, que cuenta con una larga trayectoria en la fuerza.<\/p>\n","protected":false},"excerpt":{"rendered":"<p>El gobernador Jorge Capitanich tom\u00f3 juramento en la ma\u00f1ana de este mi\u00e9rcoles al nuevo jefe y subjefe de la Polic\u00eda del Chaco, Ariel Alejandro Acu\u00f1a y David Antonio Vega, respectivamente a quienes agradeci\u00f3 por el compromiso asumido. Adem\u00e1s anunci\u00f3 la firma del decreto por el cual se establece un mecanismo de compensaci\u00f3n complementario del recargo &hellip;<\/p>\n","protected":false},"author":2,"featured_media":9243,"comment_status":"open","ping_status":"open","sticky":false,"template":"","format":"standard","meta":{"_jetpack_memberships_contains_paid_content":false,"footnotes":"","jetpack_publicize_message":"","jetpack_publicize_feature_enabled":true,"jetpack_social_post_already_shared":true,"jetpack_social_options":{"image_generator_settings":{"template":"highway","default_image_id":0,"font":"","enabled":false},"version":2}},"categories":[5,8],"tags":[],"class_list":["post-9242","post","type-post","status-publish","format-standard","has-post-thumbnail","hentry","category-chaco","category-policiales"],"jetpack_publicize_connections":[],"jetpack_featured_media_url":"https:\/\/portalmovil.com.ar\/wp-content\/uploads\/2020\/07\/5f0ef9647d630227793709.jpg","jetpack_sharing_enabled":true,"amp_enabled":true,"_links":{"self":[{"href":"https:\/\/portalmovil.com.ar\/index.php\/wp-json\/wp\/v2\/posts\/9242","targetHints":{"allow":["GET"]}}],"collection":[{"href":"https:\/\/portalmovil.com.ar\/index.php\/wp-json\/wp\/v2\/posts"}],"about":[{"href":"https:\/\/portalmovil.com.ar\/index.php\/wp-json\/wp\/v2\/types\/post"}],"author":[{"embeddable":true,"href":"https:\/\/portalmovil.com.ar\/index.php\/wp-json\/wp\/v2\/users\/2"}],"replies":[{"embeddable":true,"href":"https:\/\/portalmovil.com.ar\/index.php\/wp-json\/wp\/v2\/comments?post=9242"}],"version-history":[{"count":1,"href":"https:\/\/portalmovil.com.ar\/index.php\/wp-json\/wp\/v2\/posts\/9242\/revisions"}],"predecessor-version":[{"id":9244,"href":"https:\/\/portalmovil.com.ar\/index.php\/wp-json\/wp\/v2\/posts\/9242\/revisions\/9244"}],"wp:featuredmedia":[{"embeddable":true,"href":"https:\/\/portalmovil.com.ar\/index.php\/wp-json\/wp\/v2\/media\/9243"}],"wp:attachment":[{"href":"https:\/\/portalmovil.com.ar\/index.php\/wp-json\/wp\/v2\/media?parent=9242"}],"wp:term":[{"taxonomy":"category","embeddable":true,"href":"https:\/\/portalmovil.com.ar\/index.php\/wp-json\/wp\/v2\/categories?post=9242"},{"taxonomy":"post_tag","embeddable":true,"href":"https:\/\/portalmovil.com.ar\/index.php\/wp-json\/wp\/v2\/tags?post=9242"}],"curies":[{"name":"wp","href":"https:\/\/api.w.org\/{rel}","templated":true}]}}