{"id":92079,"date":"2024-03-13T15:55:22","date_gmt":"2024-03-13T18:55:22","guid":{"rendered":"https:\/\/portalmovil.com.ar\/?p=92079"},"modified":"2024-03-13T15:55:24","modified_gmt":"2024-03-13T18:55:24","slug":"se-cayo-la-sesion-en-diputados-para-debatir-la-formula-de-movilidad-jubilatoria","status":"publish","type":"post","link":"https:\/\/portalmovil.com.ar\/index.php\/2024\/03\/13\/se-cayo-la-sesion-en-diputados-para-debatir-la-formula-de-movilidad-jubilatoria\/","title":{"rendered":"Se cay\u00f3 la sesi\u00f3n en Diputados para debatir la f\u00f3rmula de movilidad jubilatoria"},"content":{"rendered":"\n<p>Se cay\u00f3 este mi\u00e9rcoles al mediod\u00eda por\u00a0<strong>falta de qu\u00f3rum<\/strong>\u00a0la sesi\u00f3n especial pedida por la oposici\u00f3n para tratar los proyectos vinculados a la sanci\u00f3n de una nueva\u00a0f\u00f3rmula de movilidad jubilatoria.<\/p>\n\n\n\n<p>A las 12:31, el presidente de la C\u00e1mara de Diputados, Mart\u00edn Menem, contabiliz\u00f3 119 legisladores sentados en sus bancas, diez menos de la mayor\u00eda simple necesaria para habilitar la sesi\u00f3n. La sesi\u00f3n se realiz\u00f3 con&nbsp;<strong>expresiones en minor\u00eda,<\/strong>&nbsp;de forma testimonial.<\/p>\n\n\n\n<p>El elemento decisivo para que se frustrara la convocatoria al recinto fue la decisi\u00f3n del bloque de la UCR, que mayoritariamente decidi\u00f3&nbsp;<strong>vaciar el recinto.&nbsp;<\/strong>Apenas cinco diputados d\u00edscolos encabezados por Facundo Manes se sentaron en los esca\u00f1os.<\/p>\n","protected":false},"excerpt":{"rendered":"<p>Se cay\u00f3 este mi\u00e9rcoles al mediod\u00eda por\u00a0falta de qu\u00f3rum\u00a0la sesi\u00f3n especial pedida por la oposici\u00f3n para tratar los proyectos vinculados a la sanci\u00f3n de una nueva\u00a0f\u00f3rmula de movilidad jubilatoria. A las 12:31, el presidente de la C\u00e1mara de Diputados, Mart\u00edn Menem, contabiliz\u00f3 119 legisladores sentados en sus bancas, diez menos de la mayor\u00eda simple necesaria &hellip;<\/p>\n","protected":false},"author":2,"featured_media":92080,"comment_status":"open","ping_status":"open","sticky":false,"template":"","format":"standard","meta":{"_jetpack_memberships_contains_paid_content":false,"footnotes":"","jetpack_publicize_message":"","jetpack_publicize_feature_enabled":true,"jetpack_social_post_already_shared":true,"jetpack_social_options":{"image_generator_settings":{"template":"highway","default_image_id":0,"font":"","enabled":false},"version":2}},"categories":[639,14],"tags":[],"class_list":["post-92079","post","type-post","status-publish","format-standard","has-post-thumbnail","hentry","category-argentina","category-politica"],"jetpack_publicize_connections":[],"jetpack_featured_media_url":"https:\/\/portalmovil.com.ar\/wp-content\/uploads\/2024\/03\/ARCHI_1051037.jpg","jetpack_sharing_enabled":true,"amp_enabled":true,"_links":{"self":[{"href":"https:\/\/portalmovil.com.ar\/index.php\/wp-json\/wp\/v2\/posts\/92079","targetHints":{"allow":["GET"]}}],"collection":[{"href":"https:\/\/portalmovil.com.ar\/index.php\/wp-json\/wp\/v2\/posts"}],"about":[{"href":"https:\/\/portalmovil.com.ar\/index.php\/wp-json\/wp\/v2\/types\/post"}],"author":[{"embeddable":true,"href":"https:\/\/portalmovil.com.ar\/index.php\/wp-json\/wp\/v2\/users\/2"}],"replies":[{"embeddable":true,"href":"https:\/\/portalmovil.com.ar\/index.php\/wp-json\/wp\/v2\/comments?post=92079"}],"version-history":[{"count":1,"href":"https:\/\/portalmovil.com.ar\/index.php\/wp-json\/wp\/v2\/posts\/92079\/revisions"}],"predecessor-version":[{"id":92081,"href":"https:\/\/portalmovil.com.ar\/index.php\/wp-json\/wp\/v2\/posts\/92079\/revisions\/92081"}],"wp:featuredmedia":[{"embeddable":true,"href":"https:\/\/portalmovil.com.ar\/index.php\/wp-json\/wp\/v2\/media\/92080"}],"wp:attachment":[{"href":"https:\/\/portalmovil.com.ar\/index.php\/wp-json\/wp\/v2\/media?parent=92079"}],"wp:term":[{"taxonomy":"category","embeddable":true,"href":"https:\/\/portalmovil.com.ar\/index.php\/wp-json\/wp\/v2\/categories?post=92079"},{"taxonomy":"post_tag","embeddable":true,"href":"https:\/\/portalmovil.com.ar\/index.php\/wp-json\/wp\/v2\/tags?post=92079"}],"curies":[{"name":"wp","href":"https:\/\/api.w.org\/{rel}","templated":true}]}}