{"id":92014,"date":"2024-03-12T07:38:00","date_gmt":"2024-03-12T10:38:00","guid":{"rendered":"https:\/\/portalmovil.com.ar\/?p=92014"},"modified":"2024-03-12T19:41:54","modified_gmt":"2024-03-12T22:41:54","slug":"la-inflacion-de-febrero-fue-del-132-segun-el-indec","status":"publish","type":"post","link":"https:\/\/portalmovil.com.ar\/index.php\/2024\/03\/12\/la-inflacion-de-febrero-fue-del-132-segun-el-indec\/","title":{"rendered":"La inflaci\u00f3n de febrero fue del 13,2%, seg\u00fan el INDEC"},"content":{"rendered":"\n<p>Con estos nuevos datos, la inflaci\u00f3n de los primeros dos meses del a\u00f1o llega al 36,6%.<\/p>\n\n\n\n<p>El dato se conoce luego de que en enero se registrara una suba del 20,6% y en diciembre, del 25,5%, la m\u00e1s alta desde marzo de 1990.<\/p>\n\n\n\n<p>Bebidas alcoh\u00f3licas y tabaco subieron 17,7%; bienes y servicios, 16,6%; y salud, 13,6%. Los alimentos y bebidas alcoh\u00f3licas (11,9%), educaci\u00f3n (9,9%) y prendas de vestir y calzado (7,2%) quedaron por debajo de la media mensual.<\/p>\n\n\n\n<p>Antes de que se publicara la cifra, el presidente Javier Milei hab\u00eda afirmado que continuar\u00eda la tendencia a la baja que hab\u00eda comenzado el mes pasado.<\/p>\n\n\n\n<p>\u00abParece que est\u00e1 debajo del 15%, con lo cual es un numerazo\u00bb, enfatiz\u00f3 el mandatario, quien sin embargo reconoci\u00f3 que tiene \u00abplena conciencia de lo que est\u00e1 pasando\u00bb en el pa\u00eds \u00abpero corregir cien a\u00f1os no es gratis\u00bb.<\/p>\n\n\n\n<p>Tambi\u00e9n vaticin\u00f3 que en los pr\u00f3ximos meses la inflaci\u00f3n podr\u00eda llegar a un d\u00edgito: \u00abSi le sum\u00e1s la suba de prepagas, que es de una vez, y tarifas, que son una vez para siempre, en ese contexto, al n\u00famero le vas a tener que restar casi 5 puntos, cuando veas eso, vas a hablar de una inflaci\u00f3n de un d\u00edgito\u00bb.<\/p>\n\n\n\n<p>Seg\u00fan expertos, el costo de vida se desaceler\u00f3 por una combinaci\u00f3n de fuerte ca\u00edda de la actividad por la licuaci\u00f3n de ingresos y jubilaciones desde diciembre, el significativo ajuste del gasto p\u00fablico y el \u00abapret\u00f3n monetario\u00bb que impulsa el Gobierno.<\/p>\n\n\n\n<p>Seg\u00fan el INDEC, el primer bimestre acumula un alza de la inflaci\u00f3n de 36,6%, mientras que, en los \u00faltimos doce meses, el IPC nacional refleja un avance de 276,2%.<\/p>\n\n\n\n<p>Se trata del n\u00famero interanual m\u00e1s elevado desde marzo de 1991 (287,3%). El dato mensual es el m\u00e1s alto desde febrero de ese a\u00f1o (27%).<\/p>\n\n\n\n<p>Seg\u00fan el Indec, la divisi\u00f3n de mayor aumento fue Comunicaci\u00f3n (24,7%), producto de subas en servicios de telefon\u00eda e internet.<\/p>\n\n\n\n<p>Le siguieron Transporte (21,6%) \u2013por los incrementos en el transporte p\u00fablico\u2013 y Vivienda, agua, electricidad, gas y otros combustibles (20,2%) \u2013por alzas en el servicio de electricidad\u2013. Los alimentos y bebidas -el cap\u00edtulo m\u00e1s sensible del IPC- fue de 11,9%. En tanto, el IPC n\u00facleo -que elimina precios regulados y estacionales- mostr\u00f3 un avance de 12,3% en el segundo mes del a\u00f1o.<\/p>\n","protected":false},"excerpt":{"rendered":"<p>Con estos nuevos datos, la inflaci\u00f3n de los primeros dos meses del a\u00f1o llega al 36,6%. El dato se conoce luego de que en enero se registrara una suba del 20,6% y en diciembre, del 25,5%, la m\u00e1s alta desde marzo de 1990. Bebidas alcoh\u00f3licas y tabaco subieron 17,7%; bienes y servicios, 16,6%; y salud, &hellip;<\/p>\n","protected":false},"author":2,"featured_media":20643,"comment_status":"open","ping_status":"open","sticky":false,"template":"","format":"standard","meta":{"_jetpack_memberships_contains_paid_content":false,"footnotes":"","jetpack_publicize_message":"","jetpack_publicize_feature_enabled":true,"jetpack_social_post_already_shared":true,"jetpack_social_options":{"image_generator_settings":{"template":"highway","default_image_id":0,"font":"","enabled":false},"version":2}},"categories":[175,12],"tags":[],"class_list":["post-92014","post","type-post","status-publish","format-standard","has-post-thumbnail","hentry","category-economia","category-ultimo"],"jetpack_publicize_connections":[],"jetpack_featured_media_url":"https:\/\/portalmovil.com.ar\/wp-content\/uploads\/2021\/02\/Inflacion.jpg","jetpack_sharing_enabled":true,"amp_enabled":true,"_links":{"self":[{"href":"https:\/\/portalmovil.com.ar\/index.php\/wp-json\/wp\/v2\/posts\/92014","targetHints":{"allow":["GET"]}}],"collection":[{"href":"https:\/\/portalmovil.com.ar\/index.php\/wp-json\/wp\/v2\/posts"}],"about":[{"href":"https:\/\/portalmovil.com.ar\/index.php\/wp-json\/wp\/v2\/types\/post"}],"author":[{"embeddable":true,"href":"https:\/\/portalmovil.com.ar\/index.php\/wp-json\/wp\/v2\/users\/2"}],"replies":[{"embeddable":true,"href":"https:\/\/portalmovil.com.ar\/index.php\/wp-json\/wp\/v2\/comments?post=92014"}],"version-history":[{"count":1,"href":"https:\/\/portalmovil.com.ar\/index.php\/wp-json\/wp\/v2\/posts\/92014\/revisions"}],"predecessor-version":[{"id":92015,"href":"https:\/\/portalmovil.com.ar\/index.php\/wp-json\/wp\/v2\/posts\/92014\/revisions\/92015"}],"wp:featuredmedia":[{"embeddable":true,"href":"https:\/\/portalmovil.com.ar\/index.php\/wp-json\/wp\/v2\/media\/20643"}],"wp:attachment":[{"href":"https:\/\/portalmovil.com.ar\/index.php\/wp-json\/wp\/v2\/media?parent=92014"}],"wp:term":[{"taxonomy":"category","embeddable":true,"href":"https:\/\/portalmovil.com.ar\/index.php\/wp-json\/wp\/v2\/categories?post=92014"},{"taxonomy":"post_tag","embeddable":true,"href":"https:\/\/portalmovil.com.ar\/index.php\/wp-json\/wp\/v2\/tags?post=92014"}],"curies":[{"name":"wp","href":"https:\/\/api.w.org\/{rel}","templated":true}]}}