{"id":91653,"date":"2024-03-04T14:09:36","date_gmt":"2024-03-04T17:09:36","guid":{"rendered":"https:\/\/portalmovil.com.ar\/?p=91653"},"modified":"2024-03-04T14:09:39","modified_gmt":"2024-03-04T17:09:39","slug":"la-uta-anuncio-un-paro-de-colectivos-para-este-martes","status":"publish","type":"post","link":"https:\/\/portalmovil.com.ar\/index.php\/2024\/03\/04\/la-uta-anuncio-un-paro-de-colectivos-para-este-martes\/","title":{"rendered":"La UTA anunci\u00f3 un paro de colectivos para este martes"},"content":{"rendered":"\n<p>Tras concluir sin acuerdo la instancia de conciliaci\u00f3n obligatoria dictaminada por la Secretar\u00eda de Trabajo, la Uni\u00f3n Tranviarios Automotor (UTA)\u00a0<strong>anunci\u00f3 un paro de 24 horas para el martes 5 de marzo en el interior del pa\u00eds, la medida afecta a la provincia del Chaco.<\/strong><\/p>\n\n\n\n<p>La medida de fuerza ser\u00e1 en respuesta a la falta de acuerdo paritario con las c\u00e1maras empresariales del sector.<\/p>\n\n\n\n<h2 class=\"wp-block-heading\">QUI\u00c9NES SE ADHIEREN AL PARO<\/h2>\n\n\n\n<p><strong>El paro de colectivos del martes 5 de marzo afectar\u00e1 a todos los servicios urbanos e interurbanos del interior del pa\u00eds.<\/strong><\/p>\n\n\n\n<p>\u00abTal como lo expresamos, el conflicto se profundizar\u00e1 ante la inacci\u00f3n de los actores del presente proceso, ya sea empresarios y autoridades nacionales, provinciales y municipales, al vencimiento del per\u00edodo de conciliaci\u00f3n laboral obligatoria\u00bb, sentenci\u00f3 el gremio a trav\u00e9s de un comunicado.<\/p>\n\n\n\n<h2 class=\"wp-block-heading\">POR QU\u00c9 HABR\u00c1 PARO DE COLECTIVOS:<\/h2>\n\n\n\n<p>Seg\u00fan lo expresado en redes sociales, la UTA exige una mejora salarial equiparable a la obtenida por los choferes del \u00c1rea Metropolitana de Buenos Aires (AMBA), cuyos salarios b\u00e1sicos superaron los $ 600.000 en enero y los $ 700.000 en febrero.<\/p>\n","protected":false},"excerpt":{"rendered":"<p>Tras concluir sin acuerdo la instancia de conciliaci\u00f3n obligatoria dictaminada por la Secretar\u00eda de Trabajo, la Uni\u00f3n Tranviarios Automotor (UTA)\u00a0anunci\u00f3 un paro de 24 horas para el martes 5 de marzo en el interior del pa\u00eds, la medida afecta a la provincia del Chaco. La medida de fuerza ser\u00e1 en respuesta a la falta de &hellip;<\/p>\n","protected":false},"author":2,"featured_media":83269,"comment_status":"open","ping_status":"open","sticky":false,"template":"","format":"standard","meta":{"_jetpack_memberships_contains_paid_content":false,"footnotes":"","jetpack_publicize_message":"","jetpack_publicize_feature_enabled":true,"jetpack_social_post_already_shared":true,"jetpack_social_options":{"image_generator_settings":{"template":"highway","default_image_id":0,"font":"","enabled":false},"version":2}},"categories":[28],"tags":[],"class_list":["post-91653","post","type-post","status-publish","format-standard","has-post-thumbnail","hentry","category-actualidad"],"jetpack_publicize_connections":[],"jetpack_featured_media_url":"https:\/\/portalmovil.com.ar\/wp-content\/uploads\/2023\/09\/Colectivos.webp","jetpack_sharing_enabled":true,"amp_enabled":true,"_links":{"self":[{"href":"https:\/\/portalmovil.com.ar\/index.php\/wp-json\/wp\/v2\/posts\/91653","targetHints":{"allow":["GET"]}}],"collection":[{"href":"https:\/\/portalmovil.com.ar\/index.php\/wp-json\/wp\/v2\/posts"}],"about":[{"href":"https:\/\/portalmovil.com.ar\/index.php\/wp-json\/wp\/v2\/types\/post"}],"author":[{"embeddable":true,"href":"https:\/\/portalmovil.com.ar\/index.php\/wp-json\/wp\/v2\/users\/2"}],"replies":[{"embeddable":true,"href":"https:\/\/portalmovil.com.ar\/index.php\/wp-json\/wp\/v2\/comments?post=91653"}],"version-history":[{"count":1,"href":"https:\/\/portalmovil.com.ar\/index.php\/wp-json\/wp\/v2\/posts\/91653\/revisions"}],"predecessor-version":[{"id":91654,"href":"https:\/\/portalmovil.com.ar\/index.php\/wp-json\/wp\/v2\/posts\/91653\/revisions\/91654"}],"wp:featuredmedia":[{"embeddable":true,"href":"https:\/\/portalmovil.com.ar\/index.php\/wp-json\/wp\/v2\/media\/83269"}],"wp:attachment":[{"href":"https:\/\/portalmovil.com.ar\/index.php\/wp-json\/wp\/v2\/media?parent=91653"}],"wp:term":[{"taxonomy":"category","embeddable":true,"href":"https:\/\/portalmovil.com.ar\/index.php\/wp-json\/wp\/v2\/categories?post=91653"},{"taxonomy":"post_tag","embeddable":true,"href":"https:\/\/portalmovil.com.ar\/index.php\/wp-json\/wp\/v2\/tags?post=91653"}],"curies":[{"name":"wp","href":"https:\/\/api.w.org\/{rel}","templated":true}]}}