{"id":9162,"date":"2020-07-13T17:24:02","date_gmt":"2020-07-13T20:24:02","guid":{"rendered":"http:\/\/portalmovil.com.ar\/?p=9162"},"modified":"2020-07-13T17:25:10","modified_gmt":"2020-07-13T20:25:10","slug":"gral-san-martin-allanan-y-secuestran-elementos-vinculados-al-homicidio","status":"publish","type":"post","link":"https:\/\/portalmovil.com.ar\/index.php\/2020\/07\/13\/gral-san-martin-allanan-y-secuestran-elementos-vinculados-al-homicidio\/","title":{"rendered":"GRAL SAN MART\u00cdN: Allanan y secuestran elementos vinculados al homicidio"},"content":{"rendered":"\n<p>Anoche tras un desorden en el barrio Paniagua,&nbsp;un joven de 25 a\u00f1os muri\u00f3 al recibir una herida de arma blanca. Intervino el personal de la Comisar\u00eda General San Mart\u00edn, quienes demoraron a cuatro personas implicadas en el hecho. Incautaron armas y vestimenta.<\/p>\n\n\n\n<p>El hecho se dio alrededor de las 23.30, tras un desorden un joven perdi\u00f3 la vida. Los efectivos lograron la detenci\u00f3n de dos j\u00f3venes de 20 y 18 a\u00f1os. En el transcurso de la madrugada realizaron la detenci\u00f3n de dos mujeres de 53 y 31 a\u00f1os, y de dos hombres de 30 y 34 a\u00f1os.<\/p>\n\n\n\n<figure class=\"wp-block-gallery columns-2 is-cropped wp-block-gallery-1 is-layout-flex wp-block-gallery-is-layout-flex\"><ul class=\"blocks-gallery-grid\"><li class=\"blocks-gallery-item\"><figure><img loading=\"lazy\" decoding=\"async\" width=\"400\" height=\"287\" src=\"https:\/\/portalmovil.com.ar\/wp-content\/uploads\/2020\/07\/9af42b2cfb0c6b3f28e47d0292e95fec652fcf18-1.jpg\" alt=\"\" data-id=\"9164\" data-link=\"https:\/\/portalmovil.com.ar\/?attachment_id=9164\" class=\"wp-image-9164\" srcset=\"https:\/\/portalmovil.com.ar\/wp-content\/uploads\/2020\/07\/9af42b2cfb0c6b3f28e47d0292e95fec652fcf18-1.jpg 400w, https:\/\/portalmovil.com.ar\/wp-content\/uploads\/2020\/07\/9af42b2cfb0c6b3f28e47d0292e95fec652fcf18-1-300x215.jpg 300w\" sizes=\"auto, (max-width: 400px) 100vw, 400px\" \/><\/figure><\/li><li class=\"blocks-gallery-item\"><figure><img loading=\"lazy\" decoding=\"async\" width=\"360\" height=\"400\" src=\"https:\/\/portalmovil.com.ar\/wp-content\/uploads\/2020\/07\/189dbf10994ee287deaced7e988fe74bb380263a.jpg\" alt=\"\" data-id=\"9167\" data-full-url=\"https:\/\/portalmovil.com.ar\/wp-content\/uploads\/2020\/07\/189dbf10994ee287deaced7e988fe74bb380263a.jpg\" data-link=\"https:\/\/portalmovil.com.ar\/index.php\/2020\/07\/13\/gral-san-martin-allanan-y-secuestran-elementos-vinculados-al-homicidio\/189dbf10994ee287deaced7e988fe74bb380263a\/\" class=\"wp-image-9167\" srcset=\"https:\/\/portalmovil.com.ar\/wp-content\/uploads\/2020\/07\/189dbf10994ee287deaced7e988fe74bb380263a.jpg 360w, https:\/\/portalmovil.com.ar\/wp-content\/uploads\/2020\/07\/189dbf10994ee287deaced7e988fe74bb380263a-270x300.jpg 270w\" sizes=\"auto, (max-width: 360px) 100vw, 360px\" \/><\/figure><\/li><\/ul><\/figure>\n\n\n\n<p>Se instruyeron actuaciones judiciales por Supuesto Homicidio con intervenci\u00f3n de la Fiscal\u00eda Investigaci\u00f3n Penal N\u00b0 1 a cargo del &nbsp;Dr. Guillermo Codutti. Sin embargo, la investigaci\u00f3n de los agentes deriv\u00f3 a nuevas pistas y solicitaron dos allanamientos donde presumiblemente habr\u00eda elementos relacionados a la causa.<\/p>\n\n\n\n<p>Esta ma\u00f1ana mediante los mandamientos judiciales provistos por el juzgado de garant\u00edas en turno, se dirigieron al primer inmueble ubicado por la avenida Presidente Per\u00f3n. All\u00ed hallaron un cuchillo, una vaina y doce cartuchos de calibre 20. Estos elementos fueron secuestrados. En el segundo allanamiento por la calle Francisco Arias secuestraron prendas de vestir. Estos elementos fueron puestos a disposici\u00f3n de la Fiscal\u00eda en turno por guardar relaci\u00f3n con el hecho. Prosiguen diligencias judiciales de rigor.<\/p>\n","protected":false},"excerpt":{"rendered":"<p>Anoche tras un desorden en el barrio Paniagua,&nbsp;un joven de 25 a\u00f1os muri\u00f3 al recibir una herida de arma blanca. Intervino el personal de la Comisar\u00eda General San Mart\u00edn, quienes demoraron a cuatro personas implicadas en el hecho. Incautaron armas y vestimenta. El hecho se dio alrededor de las 23.30, tras un desorden un joven &hellip;<\/p>\n","protected":false},"author":2,"featured_media":9165,"comment_status":"open","ping_status":"open","sticky":false,"template":"","format":"standard","meta":{"_jetpack_memberships_contains_paid_content":false,"footnotes":"","jetpack_publicize_message":"","jetpack_publicize_feature_enabled":true,"jetpack_social_post_already_shared":true,"jetpack_social_options":{"image_generator_settings":{"template":"highway","default_image_id":0,"font":"","enabled":false},"version":2}},"categories":[42,8],"tags":[],"class_list":["post-9162","post","type-post","status-publish","format-standard","has-post-thumbnail","hentry","category-interior","category-policiales"],"jetpack_publicize_connections":[],"jetpack_featured_media_url":"https:\/\/portalmovil.com.ar\/wp-content\/uploads\/2020\/07\/08346a7890600b5d2ea5dba75d02eec6a66949ff.jpg","jetpack_sharing_enabled":true,"amp_enabled":true,"_links":{"self":[{"href":"https:\/\/portalmovil.com.ar\/index.php\/wp-json\/wp\/v2\/posts\/9162","targetHints":{"allow":["GET"]}}],"collection":[{"href":"https:\/\/portalmovil.com.ar\/index.php\/wp-json\/wp\/v2\/posts"}],"about":[{"href":"https:\/\/portalmovil.com.ar\/index.php\/wp-json\/wp\/v2\/types\/post"}],"author":[{"embeddable":true,"href":"https:\/\/portalmovil.com.ar\/index.php\/wp-json\/wp\/v2\/users\/2"}],"replies":[{"embeddable":true,"href":"https:\/\/portalmovil.com.ar\/index.php\/wp-json\/wp\/v2\/comments?post=9162"}],"version-history":[{"count":2,"href":"https:\/\/portalmovil.com.ar\/index.php\/wp-json\/wp\/v2\/posts\/9162\/revisions"}],"predecessor-version":[{"id":9168,"href":"https:\/\/portalmovil.com.ar\/index.php\/wp-json\/wp\/v2\/posts\/9162\/revisions\/9168"}],"wp:featuredmedia":[{"embeddable":true,"href":"https:\/\/portalmovil.com.ar\/index.php\/wp-json\/wp\/v2\/media\/9165"}],"wp:attachment":[{"href":"https:\/\/portalmovil.com.ar\/index.php\/wp-json\/wp\/v2\/media?parent=9162"}],"wp:term":[{"taxonomy":"category","embeddable":true,"href":"https:\/\/portalmovil.com.ar\/index.php\/wp-json\/wp\/v2\/categories?post=9162"},{"taxonomy":"post_tag","embeddable":true,"href":"https:\/\/portalmovil.com.ar\/index.php\/wp-json\/wp\/v2\/tags?post=9162"}],"curies":[{"name":"wp","href":"https:\/\/api.w.org\/{rel}","templated":true}]}}