{"id":91471,"date":"2024-02-28T10:30:42","date_gmt":"2024-02-28T13:30:42","guid":{"rendered":"https:\/\/portalmovil.com.ar\/?p=91471"},"modified":"2024-02-28T10:30:44","modified_gmt":"2024-02-28T13:30:44","slug":"santiago-del-estero-su-ex-la-ahorco-con-una-sabana-cuando-se-entero-de-que-estaba-de-novia-y-esta-profugo","status":"publish","type":"post","link":"https:\/\/portalmovil.com.ar\/index.php\/2024\/02\/28\/santiago-del-estero-su-ex-la-ahorco-con-una-sabana-cuando-se-entero-de-que-estaba-de-novia-y-esta-profugo\/","title":{"rendered":"Santiago del Estero: su ex la ahorc\u00f3 con una s\u00e1bana cuando se enter\u00f3 de que estaba de novia y est\u00e1 pr\u00f3fugo"},"content":{"rendered":"\n<p>Carolina Ledesma ten\u00eda 22 a\u00f1os, viv\u00eda en Santiago del Estero y tras sufrir a\u00f1os de violencia de g\u00e9nero por parte de su expareja, con quien termin\u00f3 en agosto del a\u00f1o pasado, decidi\u00f3 mudarse a Bah\u00eda Blanca, donde la esperaba Agust\u00edn, su nuevo novio. Sin embargo, dos d\u00edas antes de emprender su viaje fue brutalmente asesinada por su ex, Mat\u00edas Loto, quien est\u00e1 pr\u00f3fugo desde entonces. \u201cElla quer\u00eda escapar, \u00e9l la acosaba, no aceptaba que hab\u00edan terminado\u201d, cont\u00f3 Sonia, la mam\u00e1 de la joven.<\/p>\n\n\n\n<p>A Carolina la encontr\u00f3 sin vida su mam\u00e1, Sonia. El 19 de febrero hab\u00edan quedado para almorzar pero la joven nunca apareci\u00f3. Comenz\u00f3 a llamarla y a enviarle mensajes y, como no respond\u00eda, su mam\u00e1 fue a ver si la encontraba en la casa.<\/p>\n\n\n\n<p>Al llegar, la puerta estaba abierta. Unos pasos despu\u00e9s encontr\u00f3 a la joven boca abajo tirada en la cama semidesnuda con una sabana en el cuello. Ante la desesperaci\u00f3n comenz\u00f3 a pedir ayuda y le avis\u00f3 a su esposo, aunque ya era tarde.<\/p>\n\n\n\n<p>Carolina y Mat\u00edas comenzaron a salir en 2019 y terminaron en 2023. Seg\u00fan cont\u00f3 su mam\u00e1, la relaci\u00f3n siempre estuvo cargada de violencia. \u201cEllos iban y ven\u00edan siempre, \u00e9l siempre la convenc\u00eda de volver.<\/p>\n\n\n\n<p>A pesar de los intentos por tratar de vivir una vida normal y tranquila, su ex no se lo permiti\u00f3. Desde que terminaron la relaci\u00f3n, Mat\u00edas se le aparec\u00eda en el lugar a donde ella iba a hacer gimnasia, o si se juntaba con sus amigas la vigilaba desde alguna esquina.<\/p>\n\n\n\n<p>\u201cCreemos que el detonante fue que se enter\u00f3 de que Carolina estaba en una nueva relaci\u00f3n con un chico del pueblo vecino. Su nuevo novio le prest\u00f3 su moto para que pudiera movilizarse por la ciudad y creemos que \u00e9l la vio estacionada en la puerta de su casa y eso desencaden\u00f3 el crimen\u201d, argument\u00f3.<\/p>\n\n\n\n<p>Seg\u00fan revel\u00f3 la autopsia, Carolina recibi\u00f3 patadas en el est\u00f3mago, en las piernas y la entrepierna y golpes en los ojos y la nariz. Muri\u00f3 por \u201casfixia mec\u00e1nica\u201d, realizada con la s\u00e1bana con la que fue encontrada. A su vez, presentaba signos de defensa y material gen\u00e9tico debajo de sus u\u00f1as.<\/p>\n\n\n\n<p>La causa por la muerte de Carolina Ledesma, de 22 a\u00f1os, est\u00e1 caratulada como femicidio y el principal sospechoso, su ex, est\u00e1 pr\u00f3fugo desde aquel 19 de febrero. Seg\u00fan Moyano, la Justicia emiti\u00f3 un pedido de captura nacional e internacional, pero la familia de la mujer manifiesta que \u201cparece que se lo trag\u00f3 la tierra\u201d. \u201cNo puede ser que nadie lo haya visto\u201d, reclam\u00f3 Sonia y pidi\u00f3: \u201cNecesitamos que lo encuentren y que se haga justicia, nos destroz\u00f3 la vida\u201d.<\/p>\n","protected":false},"excerpt":{"rendered":"<p>Carolina Ledesma ten\u00eda 22 a\u00f1os, viv\u00eda en Santiago del Estero y tras sufrir a\u00f1os de violencia de g\u00e9nero por parte de su expareja, con quien termin\u00f3 en agosto del a\u00f1o pasado, decidi\u00f3 mudarse a Bah\u00eda Blanca, donde la esperaba Agust\u00edn, su nuevo novio. Sin embargo, dos d\u00edas antes de emprender su viaje fue brutalmente asesinada &hellip;<\/p>\n","protected":false},"author":6,"featured_media":91472,"comment_status":"open","ping_status":"open","sticky":false,"template":"","format":"standard","meta":{"_jetpack_memberships_contains_paid_content":false,"footnotes":"","jetpack_publicize_message":"","jetpack_publicize_feature_enabled":true,"jetpack_social_post_already_shared":true,"jetpack_social_options":{"image_generator_settings":{"template":"highway","default_image_id":0,"font":"","enabled":false},"version":2}},"categories":[8],"tags":[],"class_list":["post-91471","post","type-post","status-publish","format-standard","has-post-thumbnail","hentry","category-policiales"],"jetpack_publicize_connections":[],"jetpack_featured_media_url":"https:\/\/portalmovil.com.ar\/wp-content\/uploads\/2024\/02\/stgo-del-estero.jpg","jetpack_sharing_enabled":true,"amp_enabled":true,"_links":{"self":[{"href":"https:\/\/portalmovil.com.ar\/index.php\/wp-json\/wp\/v2\/posts\/91471","targetHints":{"allow":["GET"]}}],"collection":[{"href":"https:\/\/portalmovil.com.ar\/index.php\/wp-json\/wp\/v2\/posts"}],"about":[{"href":"https:\/\/portalmovil.com.ar\/index.php\/wp-json\/wp\/v2\/types\/post"}],"author":[{"embeddable":true,"href":"https:\/\/portalmovil.com.ar\/index.php\/wp-json\/wp\/v2\/users\/6"}],"replies":[{"embeddable":true,"href":"https:\/\/portalmovil.com.ar\/index.php\/wp-json\/wp\/v2\/comments?post=91471"}],"version-history":[{"count":1,"href":"https:\/\/portalmovil.com.ar\/index.php\/wp-json\/wp\/v2\/posts\/91471\/revisions"}],"predecessor-version":[{"id":91473,"href":"https:\/\/portalmovil.com.ar\/index.php\/wp-json\/wp\/v2\/posts\/91471\/revisions\/91473"}],"wp:featuredmedia":[{"embeddable":true,"href":"https:\/\/portalmovil.com.ar\/index.php\/wp-json\/wp\/v2\/media\/91472"}],"wp:attachment":[{"href":"https:\/\/portalmovil.com.ar\/index.php\/wp-json\/wp\/v2\/media?parent=91471"}],"wp:term":[{"taxonomy":"category","embeddable":true,"href":"https:\/\/portalmovil.com.ar\/index.php\/wp-json\/wp\/v2\/categories?post=91471"},{"taxonomy":"post_tag","embeddable":true,"href":"https:\/\/portalmovil.com.ar\/index.php\/wp-json\/wp\/v2\/tags?post=91471"}],"curies":[{"name":"wp","href":"https:\/\/api.w.org\/{rel}","templated":true}]}}