{"id":91375,"date":"2024-02-26T16:13:52","date_gmt":"2024-02-26T19:13:52","guid":{"rendered":"https:\/\/portalmovil.com.ar\/?p=91375"},"modified":"2024-02-26T16:13:55","modified_gmt":"2024-02-26T19:13:55","slug":"incorporaron-13-nuevas-unidades-al-servicio-interprovincial-chaco-corrientes","status":"publish","type":"post","link":"https:\/\/portalmovil.com.ar\/index.php\/2024\/02\/26\/incorporaron-13-nuevas-unidades-al-servicio-interprovincial-chaco-corrientes\/","title":{"rendered":"Incorporaron 13 nuevas unidades al servicio interprovincial Chaco-Corrientes"},"content":{"rendered":"\n<p><strong>Incorporan 13 nuevas unidades para el servicio interprovincial Chaco-Corrientes.<\/strong>\u00a0El anuncio se hizo este lunes por lo que el servicio que une a ambas ciudades tendr\u00e1 una actualizaci\u00f3n en la l\u00ednea.<\/p>\n\n\n\n<p>La presentaci\u00f3n se hizo en Corrientes y participaron diferentes funcionarios de esa provincia y se\u00f1alaron que se busca una mejora en el servicio. Los nuevos colectivos pertenecen a la empresa Ersa.<\/p>\n\n\n\n<p><strong>\u00abEsta incorporaci\u00f3n viene a mejorar el servicio, en un contexto tan complicado que se invierta en esto es un motivo para celebrar\u00bb<\/strong>, indic\u00f3 el secretario de Movilidad Urbana y Seguridad Ciudadana de Corrientes, Jorge Sladek.<\/p>\n\n\n\n<p>Adem\u00e1s, en di\u00e1logo con radio Dos dijo: \u00abadaptamos la planificaci\u00f3n a la realidad econ\u00f3mica del pa\u00eds, venimos trabajando fuertemente en nuestro plan, que puede sufrir modificaciones al momento de implementarlas\u00bb<\/p>\n\n\n\n<p>Por otra parte, el servicio interprovincial presenta tarifas variables seg\u00fan el punto de partida del viaje.&nbsp;<strong>Abordar en Resistencia supone un costo de $ 85, mientras que al hacerlo en Corrientes asciende a $ 200. Ante el panorama econ\u00f3mico actual, se vislumbra la posibilidad de un futuro aumento en las tarifas, lo que agudizar\u00eda a\u00fan m\u00e1s esta disparidad.<\/strong><\/p>\n\n\n\n<p>La diferencia tarifar\u00eda entre las provincias se debe a que se rigen por el boleto urbano de colectivos de cada provincia. Es por eso que hay una variaci\u00f3n entre los montos.&nbsp;<strong>Aunque en la capital correntina la tarifa aument\u00f3 de $ 200 a $ 590.<\/strong><\/p>\n","protected":false},"excerpt":{"rendered":"<p>Incorporan 13 nuevas unidades para el servicio interprovincial Chaco-Corrientes.\u00a0El anuncio se hizo este lunes por lo que el servicio que une a ambas ciudades tendr\u00e1 una actualizaci\u00f3n en la l\u00ednea. La presentaci\u00f3n se hizo en Corrientes y participaron diferentes funcionarios de esa provincia y se\u00f1alaron que se busca una mejora en el servicio. Los nuevos &hellip;<\/p>\n","protected":false},"author":2,"featured_media":91376,"comment_status":"open","ping_status":"open","sticky":false,"template":"","format":"standard","meta":{"_jetpack_memberships_contains_paid_content":false,"footnotes":"","jetpack_publicize_message":"","jetpack_publicize_feature_enabled":true,"jetpack_social_post_already_shared":true,"jetpack_social_options":{"image_generator_settings":{"template":"highway","default_image_id":0,"font":"","enabled":false},"version":2}},"categories":[28],"tags":[],"class_list":["post-91375","post","type-post","status-publish","format-standard","has-post-thumbnail","hentry","category-actualidad"],"jetpack_publicize_connections":[],"jetpack_featured_media_url":"https:\/\/portalmovil.com.ar\/wp-content\/uploads\/2024\/02\/596373w480h505c.jpg.webp","jetpack_sharing_enabled":true,"amp_enabled":true,"_links":{"self":[{"href":"https:\/\/portalmovil.com.ar\/index.php\/wp-json\/wp\/v2\/posts\/91375","targetHints":{"allow":["GET"]}}],"collection":[{"href":"https:\/\/portalmovil.com.ar\/index.php\/wp-json\/wp\/v2\/posts"}],"about":[{"href":"https:\/\/portalmovil.com.ar\/index.php\/wp-json\/wp\/v2\/types\/post"}],"author":[{"embeddable":true,"href":"https:\/\/portalmovil.com.ar\/index.php\/wp-json\/wp\/v2\/users\/2"}],"replies":[{"embeddable":true,"href":"https:\/\/portalmovil.com.ar\/index.php\/wp-json\/wp\/v2\/comments?post=91375"}],"version-history":[{"count":1,"href":"https:\/\/portalmovil.com.ar\/index.php\/wp-json\/wp\/v2\/posts\/91375\/revisions"}],"predecessor-version":[{"id":91377,"href":"https:\/\/portalmovil.com.ar\/index.php\/wp-json\/wp\/v2\/posts\/91375\/revisions\/91377"}],"wp:featuredmedia":[{"embeddable":true,"href":"https:\/\/portalmovil.com.ar\/index.php\/wp-json\/wp\/v2\/media\/91376"}],"wp:attachment":[{"href":"https:\/\/portalmovil.com.ar\/index.php\/wp-json\/wp\/v2\/media?parent=91375"}],"wp:term":[{"taxonomy":"category","embeddable":true,"href":"https:\/\/portalmovil.com.ar\/index.php\/wp-json\/wp\/v2\/categories?post=91375"},{"taxonomy":"post_tag","embeddable":true,"href":"https:\/\/portalmovil.com.ar\/index.php\/wp-json\/wp\/v2\/tags?post=91375"}],"curies":[{"name":"wp","href":"https:\/\/api.w.org\/{rel}","templated":true}]}}