{"id":91354,"date":"2024-02-26T10:52:46","date_gmt":"2024-02-26T13:52:46","guid":{"rendered":"https:\/\/portalmovil.com.ar\/?p=91354"},"modified":"2024-02-26T10:52:48","modified_gmt":"2024-02-26T13:52:48","slug":"paro-aeronautico-no-habra-vuelos-el-miercoles-28-de-febrero","status":"publish","type":"post","link":"https:\/\/portalmovil.com.ar\/index.php\/2024\/02\/26\/paro-aeronautico-no-habra-vuelos-el-miercoles-28-de-febrero\/","title":{"rendered":"Paro aeron\u00e1utico: no habr\u00e1 vuelos el mi\u00e9rcoles 28 de febrero"},"content":{"rendered":"\n<h3 class=\"wp-block-heading\"><strong>Los sindicatos aeron\u00e1uticos Asociaci\u00f3n del Personal Aeron\u00e1utico (APA), Asociaci\u00f3n Pilotos de L\u00edneas A\u00e9reas (APLA) y la Uni\u00f3n del Personal Superior y Profesional de Empresas Aerocomerciales (UPSA) anunciaron un paro de actividades por 24 horas, en rechazo al aumento salarial del 12% que ofrecieron las compa\u00f1\u00edas locales del sector para marzo.<\/strong>&nbsp;<\/h3>\n\n\n\n<p><strong>La medida de fuerza fue anunciada a trav\u00e9s de un comunicado y ser\u00e1 este mi\u00e9rcoles 28.<\/strong><\/p>\n\n\n\n<p>\u00abDada la intransigencia adoptada por Aerol\u00edneas Argentinas e Intercargo, los sindicatos aeron\u00e1uticos APA, APLA y UPSA comunicamos que,&nbsp;<strong>por causas ajenas a nuestra voluntad, nos vemos obligados a declarar paro total de actividades por 24 horas\u00bb, manifestaron los gremios en el documento.<\/strong><\/p>\n\n\n\n<p>Los sindicalistas explicaron que<strong>&nbsp;el ofrecimiento de una recomposici\u00f3n salarial del 12% para los haberes de marzo \u00absolo profundiza la p\u00e9rdida de poder adquisitivo registrada en el actual periodo paritario\u00bb<\/strong>&nbsp;y, en consecuencia, resulta en un \u00abdesfasaje salarial insostenible del 70% respecto a la inflaci\u00f3n registrada\u00bb.<\/p>\n\n\n\n<p>Asimismo, aclararon que<strong>&nbsp;el anuncio fue realizado con antelaci\u00f3n para permitir a las empresas \u00abtomar los recaudos necesarios\u00bb para no afectar a los usuarios.<\/strong>&nbsp;As\u00ed, trasladaron a las autoridades la responsabilidad por \u00ablos inconvenientes que pudieran surgir\u00bb.<\/p>\n\n\n\n<p>\u00abEn este orden, los Sindicatos Aeron\u00e1uticos APA, APLA y UPSA, brindaremos una conferencia de prensa el d\u00eda martes 27, a las 16.30, en Lezica 4031 (Ciudad Aut\u00f3noma de Buenos Aires), durante la cual informaremos los detalles de la correspondiente medida\u00bb, concluye el escrito que lleva las firmas de Edgardo Llano -Secretario General de APA-, Pablo Bir\u00f3 -Secretario General de APLA- y Rub\u00e9n Fern\u00e1ndez -Secretario General de UPSA-.<\/p>\n","protected":false},"excerpt":{"rendered":"<p>Los sindicatos aeron\u00e1uticos Asociaci\u00f3n del Personal Aeron\u00e1utico (APA), Asociaci\u00f3n Pilotos de L\u00edneas A\u00e9reas (APLA) y la Uni\u00f3n del Personal Superior y Profesional de Empresas Aerocomerciales (UPSA) anunciaron un paro de actividades por 24 horas, en rechazo al aumento salarial del 12% que ofrecieron las compa\u00f1\u00edas locales del sector para marzo.&nbsp; La medida de fuerza fue &hellip;<\/p>\n","protected":false},"author":2,"featured_media":91356,"comment_status":"open","ping_status":"open","sticky":false,"template":"","format":"standard","meta":{"_jetpack_memberships_contains_paid_content":false,"footnotes":"","jetpack_publicize_message":"","jetpack_publicize_feature_enabled":true,"jetpack_social_post_already_shared":true,"jetpack_social_options":{"image_generator_settings":{"template":"highway","default_image_id":0,"font":"","enabled":false},"version":2}},"categories":[28,639],"tags":[],"class_list":["post-91354","post","type-post","status-publish","format-standard","has-post-thumbnail","hentry","category-actualidad","category-argentina"],"jetpack_publicize_connections":[],"jetpack_featured_media_url":"https:\/\/portalmovil.com.ar\/wp-content\/uploads\/2024\/02\/270603_1708730441.jpg","jetpack_sharing_enabled":true,"amp_enabled":true,"_links":{"self":[{"href":"https:\/\/portalmovil.com.ar\/index.php\/wp-json\/wp\/v2\/posts\/91354","targetHints":{"allow":["GET"]}}],"collection":[{"href":"https:\/\/portalmovil.com.ar\/index.php\/wp-json\/wp\/v2\/posts"}],"about":[{"href":"https:\/\/portalmovil.com.ar\/index.php\/wp-json\/wp\/v2\/types\/post"}],"author":[{"embeddable":true,"href":"https:\/\/portalmovil.com.ar\/index.php\/wp-json\/wp\/v2\/users\/2"}],"replies":[{"embeddable":true,"href":"https:\/\/portalmovil.com.ar\/index.php\/wp-json\/wp\/v2\/comments?post=91354"}],"version-history":[{"count":1,"href":"https:\/\/portalmovil.com.ar\/index.php\/wp-json\/wp\/v2\/posts\/91354\/revisions"}],"predecessor-version":[{"id":91357,"href":"https:\/\/portalmovil.com.ar\/index.php\/wp-json\/wp\/v2\/posts\/91354\/revisions\/91357"}],"wp:featuredmedia":[{"embeddable":true,"href":"https:\/\/portalmovil.com.ar\/index.php\/wp-json\/wp\/v2\/media\/91356"}],"wp:attachment":[{"href":"https:\/\/portalmovil.com.ar\/index.php\/wp-json\/wp\/v2\/media?parent=91354"}],"wp:term":[{"taxonomy":"category","embeddable":true,"href":"https:\/\/portalmovil.com.ar\/index.php\/wp-json\/wp\/v2\/categories?post=91354"},{"taxonomy":"post_tag","embeddable":true,"href":"https:\/\/portalmovil.com.ar\/index.php\/wp-json\/wp\/v2\/tags?post=91354"}],"curies":[{"name":"wp","href":"https:\/\/api.w.org\/{rel}","templated":true}]}}