{"id":91212,"date":"2024-02-22T07:17:00","date_gmt":"2024-02-22T10:17:00","guid":{"rendered":"https:\/\/portalmovil.com.ar\/?p=91212"},"modified":"2024-02-22T19:22:40","modified_gmt":"2024-02-22T22:22:40","slug":"se-entrego-uno-de-los-lideres-del-clan-sosa-la-banda-narco-de-saenz-pena","status":"publish","type":"post","link":"https:\/\/portalmovil.com.ar\/index.php\/2024\/02\/22\/se-entrego-uno-de-los-lideres-del-clan-sosa-la-banda-narco-de-saenz-pena\/","title":{"rendered":"Se entreg\u00f3 uno de los l\u00edderes del Clan Sosa, la banda narco de S\u00e1enz Pe\u00f1a"},"content":{"rendered":"\n<p>Hugo Sebasti\u00e1n Sosa, l\u00edder del conocido \u00abClan Sosa\u00bb, se entreg\u00f3 este jueves por la ma\u00f1ana, en el Juzgado Federal de S\u00e1enz Pe\u00f1a, en el marco de una causa por delitos vinculados al narcotr\u00e1fico.<\/p>\n\n\n\n<p>Sosa, quien se encontraba pr\u00f3fugo desde abril de 2022, ser\u00e1 indagado pr\u00f3ximo lunes, y seg\u00fan adelant\u00f3 el fiscal federal Carlos Amad, se le imputar\u00e1n delitos como miembro de una asociaci\u00f3n il\u00edcita y por lavado de activos.<\/p>\n\n\n\n<p>Amad se\u00f1al\u00f3 que Hugo Sosa se present\u00f3 alrededor de las 10, junto a su defensa, \u00aba estar a derecho\u00bb, y agreg\u00f3: \u00abQuedar\u00e1 seguramente detenido y a disposici\u00f3n del Juez Federal, Ricardo Mianovich\u00bb.<\/p>\n\n\n\n<p>En declaraciones a la radio La Red de S\u00e1enz Pe\u00f1a, el fiscal indic\u00f3 que Sosa \u00abva a ser indagado el lunes, y le va a imputar todas las cosas por las que era buscado: ser miembro de un asociaci\u00f3n il\u00edcita y por lavado de activos de origen delictivo proveniente del narcotr\u00e1fico\u00bb.<\/p>\n\n\n\n<p>Asimismo, tras decir que desconoce los motivos por los que termin\u00f3 present\u00e1ndose en el juzgado, Amad apunt\u00f3 que \u00abseguramente \u00e9l va a ejercitar su defensa t\u00e9cnica el lunes, cuando el juez lo indague, y veremos qu\u00e9 pasa\u00bb.<\/p>\n\n\n\n<p>\u00abYa he pedido que la parte del hermano, Lucas Sosa que ya est\u00e1 detenido, vaya a juicio. No s\u00e9 qu\u00e9 dir\u00e1 la defensa, pero yo ya requer\u00ed la elevaci\u00f3n a juicio. Calculo que en 20 d\u00edas o un mes estar\u00e9 pidiendo la elevaci\u00f3n a juicio de las otras tres personas, de las tres mujeres, Ana Mar\u00eda Flamenco, Ruth Paz y Mariela Sosa, y ahora trabajaremos en la hip\u00f3tesis del se\u00f1or Hugo Sosa\u00bb, afirm\u00f3 Aranda.<\/p>\n\n\n\n<p>En esa l\u00ednea, agreg\u00f3: \u00abA medida que vayan apareciendo vamos a ir haciendo las imputaciones y requiriendo las elevaciones a juicio hasta que est\u00e9n todos en juicio. Despu\u00e9s ser\u00e1 responsabilidad del Tribunal Oral juzgar las conductas de estos se\u00f1ores\u00bb.<\/p>\n\n\n\n<p>El \u00abClan Sosa\u00bb es una banda narco que operaba desde S\u00e1enz Pe\u00f1a, donde habr\u00eda tenido adem\u00e1s v\u00ednculos con el ex conjuez Miguel Aranda, actualmente procesado, quien le brindaba informaci\u00f3n privilegiada sobre procedimientos policiales.<\/p>\n\n\n\n<p>Otros integrantes de la banda Ariel Alberto Sosa, Hern\u00e1n Eduardo Acosta, Sergio Omar Fern\u00e1ndez y Mauro Hern\u00e1n Pacheco tienen \u00f3rdenes de captura nacional e internacional, acusados de lavado de activos y asociaci\u00f3n il\u00edcita.<\/p>\n","protected":false},"excerpt":{"rendered":"<p>Hugo Sebasti\u00e1n Sosa, l\u00edder del conocido \u00abClan Sosa\u00bb, se entreg\u00f3 este jueves por la ma\u00f1ana, en el Juzgado Federal de S\u00e1enz Pe\u00f1a, en el marco de una causa por delitos vinculados al narcotr\u00e1fico. Sosa, quien se encontraba pr\u00f3fugo desde abril de 2022, ser\u00e1 indagado pr\u00f3ximo lunes, y seg\u00fan adelant\u00f3 el fiscal federal Carlos Amad, se &hellip;<\/p>\n","protected":false},"author":2,"featured_media":91213,"comment_status":"open","ping_status":"open","sticky":false,"template":"","format":"standard","meta":{"_jetpack_memberships_contains_paid_content":false,"footnotes":"","jetpack_publicize_message":"","jetpack_publicize_feature_enabled":true,"jetpack_social_post_already_shared":true,"jetpack_social_options":{"image_generator_settings":{"template":"highway","default_image_id":0,"font":"","enabled":false},"version":2}},"categories":[5,8,12],"tags":[],"class_list":["post-91212","post","type-post","status-publish","format-standard","has-post-thumbnail","hentry","category-chaco","category-policiales","category-ultimo"],"jetpack_publicize_connections":[],"jetpack_featured_media_url":"https:\/\/portalmovil.com.ar\/wp-content\/uploads\/2024\/02\/1ad37252-74b2-4dc8-808a-ed9f1a0aa269.jpg","jetpack_sharing_enabled":true,"amp_enabled":true,"_links":{"self":[{"href":"https:\/\/portalmovil.com.ar\/index.php\/wp-json\/wp\/v2\/posts\/91212","targetHints":{"allow":["GET"]}}],"collection":[{"href":"https:\/\/portalmovil.com.ar\/index.php\/wp-json\/wp\/v2\/posts"}],"about":[{"href":"https:\/\/portalmovil.com.ar\/index.php\/wp-json\/wp\/v2\/types\/post"}],"author":[{"embeddable":true,"href":"https:\/\/portalmovil.com.ar\/index.php\/wp-json\/wp\/v2\/users\/2"}],"replies":[{"embeddable":true,"href":"https:\/\/portalmovil.com.ar\/index.php\/wp-json\/wp\/v2\/comments?post=91212"}],"version-history":[{"count":1,"href":"https:\/\/portalmovil.com.ar\/index.php\/wp-json\/wp\/v2\/posts\/91212\/revisions"}],"predecessor-version":[{"id":91214,"href":"https:\/\/portalmovil.com.ar\/index.php\/wp-json\/wp\/v2\/posts\/91212\/revisions\/91214"}],"wp:featuredmedia":[{"embeddable":true,"href":"https:\/\/portalmovil.com.ar\/index.php\/wp-json\/wp\/v2\/media\/91213"}],"wp:attachment":[{"href":"https:\/\/portalmovil.com.ar\/index.php\/wp-json\/wp\/v2\/media?parent=91212"}],"wp:term":[{"taxonomy":"category","embeddable":true,"href":"https:\/\/portalmovil.com.ar\/index.php\/wp-json\/wp\/v2\/categories?post=91212"},{"taxonomy":"post_tag","embeddable":true,"href":"https:\/\/portalmovil.com.ar\/index.php\/wp-json\/wp\/v2\/tags?post=91212"}],"curies":[{"name":"wp","href":"https:\/\/api.w.org\/{rel}","templated":true}]}}