{"id":91206,"date":"2024-02-22T06:08:00","date_gmt":"2024-02-22T09:08:00","guid":{"rendered":"https:\/\/portalmovil.com.ar\/?p=91206"},"modified":"2024-02-22T18:14:33","modified_gmt":"2024-02-22T21:14:33","slug":"sin-aumentos-los-beneficiarios-de-potenciar-trabajo-cobraran-78-000-todos-los-meses-unicamente","status":"publish","type":"post","link":"https:\/\/portalmovil.com.ar\/index.php\/2024\/02\/22\/sin-aumentos-los-beneficiarios-de-potenciar-trabajo-cobraran-78-000-todos-los-meses-unicamente\/","title":{"rendered":"Sin aumentos: los beneficiarios de Potenciar Trabajo cobrar\u00e1n $78.000 todos los meses \u00fanicamente"},"content":{"rendered":"\n<p>El Gobierno nacional anunci\u00f3 que los planes sociales dejar\u00e1n de estar atados a la evoluci\u00f3n del salario m\u00ednimo que fue elevado a $180.000 en febrero. La decisi\u00f3n la confirm\u00f3 el vocero presidencial&nbsp;<strong>Manuel Adorni<\/strong>&nbsp;durante la conferencia de prensa de este jueves.<\/p>\n\n\n\n<p><strong>\u00abLos planes sociales van a ser descalzados del salario m\u00ednimo\u00bb,<\/strong>&nbsp;afirm\u00f3 Adorni. De esta manera, la decisi\u00f3n del Ejecutivo recae sobre los haberes que cobran los titulares de Potenciar Trabajo que, hasta el momento, paga directo al beneficiario la mitad del salario m\u00ednimo por una contraprestaci\u00f3n laboral de cuatro horas diarias. A principios de febrero, cobraron $78.000.<\/p>\n\n\n\n<p>La medida de congelar los montos del plan social fue anunciada a mediados de diciembre por el ministro de Econom\u00eda, Luis Caputo, quien indic\u00f3 que el Estado enfrenta limitaciones financieras para continuar actualizando los pagos del plan social. Por lo tanto, la remuneraci\u00f3n del plan Potenciar Trabajo se mantendr\u00e1 sin cambios, basada en el Presupuesto 2023, que contaba con partidas por $998.000 millones. Adem\u00e1s, seg\u00fan informaron, el Gobierno planea anunciar mediante decreto una modificaci\u00f3n en el nombre y la forma en que se ajustar\u00e1n los montos del programa Potenciar Trabajo en las pr\u00f3ximas semanas<\/p>\n\n\n\n<p><strong>Potenciar Trabajo en 2024<\/strong><br>El Ejecutivo nacional oficializ\u00f3 un aumento de un 30% sobre el salario m\u00ednimo que impactar\u00e1 en dos tramos, febrero y marzo. As\u00ed,&nbsp;<strong>el valor pasar\u00e1 de $180.000 este mes y en marzo el b\u00e1sico ser\u00e1 de $202.800. Seg\u00fan el vocero presidencial<\/strong>, Adorni, m\u00e1s de 1.200.000 titulares del Potenciar Trabajo no recibir\u00e1n una actualizaci\u00f3n en el plan social que estaba atado al 50% del sueldo b\u00e1sico.<\/p>\n\n\n\n<p>De esta manera, los beneficiarios cobrar\u00e1n $78.000 todos los meses de 2024. Potenciar Trabajo es una asistencia que depende del Ministerio de Capital Humano, conducido por Sandra Pettovello. En diciembre, Caputo explic\u00f3 que el congelamiento en los planes Potenciar Trabajo se debe a que desde&nbsp;<strong>\u00abNaci\u00f3n no tenemos recursos<\/strong>\u00ab.<\/p>\n","protected":false},"excerpt":{"rendered":"<p>El Gobierno nacional anunci\u00f3 que los planes sociales dejar\u00e1n de estar atados a la evoluci\u00f3n del salario m\u00ednimo que fue elevado a $180.000 en febrero. La decisi\u00f3n la confirm\u00f3 el vocero presidencial&nbsp;Manuel Adorni&nbsp;durante la conferencia de prensa de este jueves. \u00abLos planes sociales van a ser descalzados del salario m\u00ednimo\u00bb,&nbsp;afirm\u00f3 Adorni. De esta manera, la &hellip;<\/p>\n","protected":false},"author":2,"featured_media":67734,"comment_status":"open","ping_status":"open","sticky":false,"template":"","format":"standard","meta":{"_jetpack_memberships_contains_paid_content":false,"footnotes":"","jetpack_publicize_message":"","jetpack_publicize_feature_enabled":true,"jetpack_social_post_already_shared":true,"jetpack_social_options":{"image_generator_settings":{"template":"highway","default_image_id":0,"font":"","enabled":false},"version":2}},"categories":[175,12],"tags":[],"class_list":["post-91206","post","type-post","status-publish","format-standard","has-post-thumbnail","hentry","category-economia","category-ultimo"],"jetpack_publicize_connections":[],"jetpack_featured_media_url":"https:\/\/portalmovil.com.ar\/wp-content\/uploads\/2022\/12\/876bb624-7e82-480d-8110-9f1ae7d27b4e.jpg","jetpack_sharing_enabled":true,"amp_enabled":true,"_links":{"self":[{"href":"https:\/\/portalmovil.com.ar\/index.php\/wp-json\/wp\/v2\/posts\/91206","targetHints":{"allow":["GET"]}}],"collection":[{"href":"https:\/\/portalmovil.com.ar\/index.php\/wp-json\/wp\/v2\/posts"}],"about":[{"href":"https:\/\/portalmovil.com.ar\/index.php\/wp-json\/wp\/v2\/types\/post"}],"author":[{"embeddable":true,"href":"https:\/\/portalmovil.com.ar\/index.php\/wp-json\/wp\/v2\/users\/2"}],"replies":[{"embeddable":true,"href":"https:\/\/portalmovil.com.ar\/index.php\/wp-json\/wp\/v2\/comments?post=91206"}],"version-history":[{"count":1,"href":"https:\/\/portalmovil.com.ar\/index.php\/wp-json\/wp\/v2\/posts\/91206\/revisions"}],"predecessor-version":[{"id":91207,"href":"https:\/\/portalmovil.com.ar\/index.php\/wp-json\/wp\/v2\/posts\/91206\/revisions\/91207"}],"wp:featuredmedia":[{"embeddable":true,"href":"https:\/\/portalmovil.com.ar\/index.php\/wp-json\/wp\/v2\/media\/67734"}],"wp:attachment":[{"href":"https:\/\/portalmovil.com.ar\/index.php\/wp-json\/wp\/v2\/media?parent=91206"}],"wp:term":[{"taxonomy":"category","embeddable":true,"href":"https:\/\/portalmovil.com.ar\/index.php\/wp-json\/wp\/v2\/categories?post=91206"},{"taxonomy":"post_tag","embeddable":true,"href":"https:\/\/portalmovil.com.ar\/index.php\/wp-json\/wp\/v2\/tags?post=91206"}],"curies":[{"name":"wp","href":"https:\/\/api.w.org\/{rel}","templated":true}]}}