{"id":91191,"date":"2024-02-22T10:45:17","date_gmt":"2024-02-22T13:45:17","guid":{"rendered":"https:\/\/portalmovil.com.ar\/?p=91191"},"modified":"2024-02-22T10:45:20","modified_gmt":"2024-02-22T13:45:20","slug":"puerto-vilelas-recuperan-un-tranformador-electrico-que-habia-sido-robado","status":"publish","type":"post","link":"https:\/\/portalmovil.com.ar\/index.php\/2024\/02\/22\/puerto-vilelas-recuperan-un-tranformador-electrico-que-habia-sido-robado\/","title":{"rendered":"Puerto Vilelas: recuperan un tranformador el\u00e9ctrico que hab\u00eda sido robado"},"content":{"rendered":"\n<p>En la noche de este mi\u00e9rcoles, alrededor de las 23:30 horas, se secuestr\u00f3 un transformador el\u00e9ctrico de tipo alta tensi\u00f3n sobre la avenida R\u00edo Paran\u00e1 sin numeraci\u00f3n en la ciudad de Puerto Vilelas.<\/p>\n\n\n\n<p>El transformador era trasladado por un hombre, cuando los agentes policiales intentaron agarrarlo, ingres\u00f3 al predio de la chacarita, hasta perderse de vista entre las chatarras.<\/p>\n\n\n\n<p>Fue all\u00ed, donde se realiz\u00f3 una inspecci\u00f3n sobre inmediaciones dando el hallazgo del transformador, que fue denunciado como robado por su due\u00f1a el martes 20.<\/p>\n\n\n\n<p>Finalmente, y con la intervenci\u00f3n del equipo fiscal en turno, se procedi\u00f3 al formal secuestro del artefacto a fines legales.<\/p>\n","protected":false},"excerpt":{"rendered":"<p>En la noche de este mi\u00e9rcoles, alrededor de las 23:30 horas, se secuestr\u00f3 un transformador el\u00e9ctrico de tipo alta tensi\u00f3n sobre la avenida R\u00edo Paran\u00e1 sin numeraci\u00f3n en la ciudad de Puerto Vilelas. El transformador era trasladado por un hombre, cuando los agentes policiales intentaron agarrarlo, ingres\u00f3 al predio de la chacarita, hasta perderse de &hellip;<\/p>\n","protected":false},"author":6,"featured_media":91192,"comment_status":"open","ping_status":"open","sticky":false,"template":"","format":"standard","meta":{"_jetpack_memberships_contains_paid_content":false,"footnotes":"","jetpack_publicize_message":"","jetpack_publicize_feature_enabled":true,"jetpack_social_post_already_shared":true,"jetpack_social_options":{"image_generator_settings":{"template":"highway","default_image_id":0,"font":"","enabled":false},"version":2}},"categories":[8],"tags":[],"class_list":["post-91191","post","type-post","status-publish","format-standard","has-post-thumbnail","hentry","category-policiales"],"jetpack_publicize_connections":[],"jetpack_featured_media_url":"https:\/\/portalmovil.com.ar\/wp-content\/uploads\/2024\/02\/puerto-vilelas.webp","jetpack_sharing_enabled":true,"amp_enabled":true,"_links":{"self":[{"href":"https:\/\/portalmovil.com.ar\/index.php\/wp-json\/wp\/v2\/posts\/91191","targetHints":{"allow":["GET"]}}],"collection":[{"href":"https:\/\/portalmovil.com.ar\/index.php\/wp-json\/wp\/v2\/posts"}],"about":[{"href":"https:\/\/portalmovil.com.ar\/index.php\/wp-json\/wp\/v2\/types\/post"}],"author":[{"embeddable":true,"href":"https:\/\/portalmovil.com.ar\/index.php\/wp-json\/wp\/v2\/users\/6"}],"replies":[{"embeddable":true,"href":"https:\/\/portalmovil.com.ar\/index.php\/wp-json\/wp\/v2\/comments?post=91191"}],"version-history":[{"count":1,"href":"https:\/\/portalmovil.com.ar\/index.php\/wp-json\/wp\/v2\/posts\/91191\/revisions"}],"predecessor-version":[{"id":91193,"href":"https:\/\/portalmovil.com.ar\/index.php\/wp-json\/wp\/v2\/posts\/91191\/revisions\/91193"}],"wp:featuredmedia":[{"embeddable":true,"href":"https:\/\/portalmovil.com.ar\/index.php\/wp-json\/wp\/v2\/media\/91192"}],"wp:attachment":[{"href":"https:\/\/portalmovil.com.ar\/index.php\/wp-json\/wp\/v2\/media?parent=91191"}],"wp:term":[{"taxonomy":"category","embeddable":true,"href":"https:\/\/portalmovil.com.ar\/index.php\/wp-json\/wp\/v2\/categories?post=91191"},{"taxonomy":"post_tag","embeddable":true,"href":"https:\/\/portalmovil.com.ar\/index.php\/wp-json\/wp\/v2\/tags?post=91191"}],"curies":[{"name":"wp","href":"https:\/\/api.w.org\/{rel}","templated":true}]}}