{"id":9116,"date":"2020-07-12T19:26:29","date_gmt":"2020-07-12T22:26:29","guid":{"rendered":"http:\/\/portalmovil.com.ar\/?p=9116"},"modified":"2020-07-12T19:26:33","modified_gmt":"2020-07-12T22:26:33","slug":"el-gobierno-de-macri-fue-pesimo","status":"publish","type":"post","link":"https:\/\/portalmovil.com.ar\/index.php\/2020\/07\/12\/el-gobierno-de-macri-fue-pesimo\/","title":{"rendered":"El gobierno de Macri fue p\u00e9simo"},"content":{"rendered":"\n<p>El Jefe de Gabinete, Santiago Cafiero, afirm\u00f3 este domingo que el de <strong>Mauricio Macri<\/strong> \u00ab<strong>no fue un mal gobierno, fue un p\u00e9simo gobierno<\/strong>\u00ab, que promovi\u00f3 \u00abla concentraci\u00f3n de la riqueza\u00bb y por ello sostuvo que los exfuncionarios y dirigentes de ese sector \u00abdeber\u00edan llamarse a la reflexi\u00f3n\u00bb.<\/p>\n\n\n\n<figure class=\"wp-block-image size-large\"><img loading=\"lazy\" decoding=\"async\" width=\"960\" height=\"640\" src=\"https:\/\/portalmovil.com.ar\/wp-content\/uploads\/2020\/07\/cafiero2.jpg\" alt=\"\" class=\"wp-image-9117\" srcset=\"https:\/\/portalmovil.com.ar\/wp-content\/uploads\/2020\/07\/cafiero2.jpg 960w, https:\/\/portalmovil.com.ar\/wp-content\/uploads\/2020\/07\/cafiero2-300x200.jpg 300w, https:\/\/portalmovil.com.ar\/wp-content\/uploads\/2020\/07\/cafiero2-768x512.jpg 768w\" sizes=\"auto, (max-width: 960px) 100vw, 960px\" \/><\/figure>\n\n\n\n<p>Al mismo tiempo, contrapuso que uno de los aciertos del presidente Alberto Fern\u00e1ndez en el manejo de la pandemia fue \u00abtomar la decisi\u00f3n del aislamiento en tiempo y forma\u00bb.<\/p>\n\n\n\n<p>\u00abNo fue un mal gobierno, fue un p\u00e9simo gobierno con una decisi\u00f3n pol\u00edtica de instalar un sistema de concentraci\u00f3n de la riqueza\u00bb, dijo Cafiero a <strong><em>Radio 10<\/em><\/strong> sobre la Presidencia de Macri, y advirti\u00f3 que los dirigentes de Juntos por el Cambio \u00abdeber\u00edan llamarse a la reflexi\u00f3n\u00bb.<\/p>\n\n\n\n<p>Y record\u00f3: \u00abEl Ministerio de Salud pas\u00f3 a ser Secretar\u00eda, tuvo una ca\u00edda del presupuesto del 25% y fue en el mandato de \u00e9l\u00bb.<\/p>\n\n\n\n<p>Tras contraponer a la gesti\u00f3n de Macri las medidas sanitarias y de infraestructura adoptadas por el Gobierno de Fern\u00e1ndez, resalt\u00f3 que \u00abtodos los argentinos y argentinas entendieron que estamos luchando contra una pandemia. Ese compromiso y responsabilidad individual se convirti\u00f3 en colectivo\u00bb.<\/p>\n\n\n\n<p>Sobre el llamado \u00abdiscurso del odio\u00bb, sentenci\u00f3: \u00abCuando se siembra odio vas a cosechar odiadores. La pol\u00edtica y la tolerancia tienen que ver con respetar las diferencias\u00bb. Y asegur\u00f3 que el \u00abPresidente (Fern\u00e1ndez) promueve el di\u00e1logo pol\u00edtico\u00bb.<\/p>\n\n\n\n<p>En ese sentido resalt\u00f3 que el primer mandatario \u00abya realiz\u00f3 dos reuniones con los presidente de bloques de la oposici\u00f3n de Diputados y Senadores\u00bb, y destac\u00f3 el rol de los cient\u00edficos y el personal m\u00e9dico, a los que defini\u00f3 como \u00abh\u00e9roes\u00bb.<\/p>\n","protected":false},"excerpt":{"rendered":"<p>El Jefe de Gabinete, Santiago Cafiero, afirm\u00f3 este domingo que el de Mauricio Macri \u00abno fue un mal gobierno, fue un p\u00e9simo gobierno\u00ab, que promovi\u00f3 \u00abla concentraci\u00f3n de la riqueza\u00bb y por ello sostuvo que los exfuncionarios y dirigentes de ese sector \u00abdeber\u00edan llamarse a la reflexi\u00f3n\u00bb. Al mismo tiempo, contrapuso que uno de los &hellip;<\/p>\n","protected":false},"author":2,"featured_media":9118,"comment_status":"open","ping_status":"open","sticky":false,"template":"","format":"standard","meta":{"_jetpack_memberships_contains_paid_content":false,"footnotes":"","jetpack_publicize_message":"","jetpack_publicize_feature_enabled":true,"jetpack_social_post_already_shared":true,"jetpack_social_options":{"image_generator_settings":{"template":"highway","default_image_id":0,"font":"","enabled":false},"version":2}},"categories":[14],"tags":[],"class_list":["post-9116","post","type-post","status-publish","format-standard","has-post-thumbnail","hentry","category-politica"],"jetpack_publicize_connections":[],"jetpack_featured_media_url":"https:\/\/portalmovil.com.ar\/wp-content\/uploads\/2020\/07\/unnamed.png","jetpack_sharing_enabled":true,"amp_enabled":true,"_links":{"self":[{"href":"https:\/\/portalmovil.com.ar\/index.php\/wp-json\/wp\/v2\/posts\/9116","targetHints":{"allow":["GET"]}}],"collection":[{"href":"https:\/\/portalmovil.com.ar\/index.php\/wp-json\/wp\/v2\/posts"}],"about":[{"href":"https:\/\/portalmovil.com.ar\/index.php\/wp-json\/wp\/v2\/types\/post"}],"author":[{"embeddable":true,"href":"https:\/\/portalmovil.com.ar\/index.php\/wp-json\/wp\/v2\/users\/2"}],"replies":[{"embeddable":true,"href":"https:\/\/portalmovil.com.ar\/index.php\/wp-json\/wp\/v2\/comments?post=9116"}],"version-history":[{"count":1,"href":"https:\/\/portalmovil.com.ar\/index.php\/wp-json\/wp\/v2\/posts\/9116\/revisions"}],"predecessor-version":[{"id":9119,"href":"https:\/\/portalmovil.com.ar\/index.php\/wp-json\/wp\/v2\/posts\/9116\/revisions\/9119"}],"wp:featuredmedia":[{"embeddable":true,"href":"https:\/\/portalmovil.com.ar\/index.php\/wp-json\/wp\/v2\/media\/9118"}],"wp:attachment":[{"href":"https:\/\/portalmovil.com.ar\/index.php\/wp-json\/wp\/v2\/media?parent=9116"}],"wp:term":[{"taxonomy":"category","embeddable":true,"href":"https:\/\/portalmovil.com.ar\/index.php\/wp-json\/wp\/v2\/categories?post=9116"},{"taxonomy":"post_tag","embeddable":true,"href":"https:\/\/portalmovil.com.ar\/index.php\/wp-json\/wp\/v2\/tags?post=9116"}],"curies":[{"name":"wp","href":"https:\/\/api.w.org\/{rel}","templated":true}]}}