{"id":91155,"date":"2024-02-21T21:02:16","date_gmt":"2024-02-22T00:02:16","guid":{"rendered":"https:\/\/portalmovil.com.ar\/?p=91155"},"modified":"2024-02-21T21:02:19","modified_gmt":"2024-02-22T00:02:19","slug":"saenz-pena-robaba-cables-recibio-una-descarga-electrica-y-esta-en-grave-estado","status":"publish","type":"post","link":"https:\/\/portalmovil.com.ar\/index.php\/2024\/02\/21\/saenz-pena-robaba-cables-recibio-una-descarga-electrica-y-esta-en-grave-estado\/","title":{"rendered":"S\u00e1enz Pe\u00f1a: robaba cables, recibi\u00f3 una descarga el\u00e9ctrica y est\u00e1 en grave estado"},"content":{"rendered":"\n<p>En la siesta del mi\u00e9rcoles, se produjo un incidente delictivo en el Centro de Distribuci\u00f3n N\u00ba 3 de Secheep en S\u00e1enz Pe\u00f1a. Dos individuos intentaron robar un cable subterr\u00e1neo y lograron extraer tanto el neutro como la cuba met\u00e1lica.<strong>&nbsp;La descarga el\u00e9ctrica resultante fue visible desde la cima del transformador, y como consecuencia, uno de los delincuentes, un hombre de 21 a\u00f1os, fue expulsado del lugar.<\/strong><\/p>\n\n\n\n<p><strong>El joven debi\u00f3 ser traslado de forma urgente al nosocomio local con quemaduras en gran parte de su cuerpo.<\/strong>\u00a0<\/p>\n\n\n\n<p>Los delincuentes intentaron sustraer una malla de puesta a tierra de un transformador de potencia. El fiscal<strong>&nbsp;Gustavo Valero<\/strong>&nbsp;orden\u00f3 que se realicen una serie de pericias por parte del Gabinete Cient\u00edfico y se labre acta de constataci\u00f3n y secuestro. En el lugar, la Polic\u00eda secuestr\u00f3 10 metros de cable, un cuchillo Tramontina de aproximadamente 10 cm de hoja, cabo de madera y una barra de cobre de 150 cm de largo.<\/p>\n\n\n\n<figure class=\"wp-block-image\"><img decoding=\"async\" src=\"https:\/\/www.diariochaco.com\/content\/bucket\/3\/596113w790h965c.jpg.webp\" alt=\"\"\/><\/figure>\n\n\n\n<p>Los cables de potencia se encuentran en buen estado, y el sistema de la estaci\u00f3n transformadora de S\u00e1enz Pe\u00f1a se est\u00e1 normalizando, comunic\u00f3 Secheep. Se ha realizado la denuncia correspondiente, y los m\u00e9dicos brindaron atenci\u00f3n a la persona afectada.<\/p>\n\n\n\n<figure class=\"wp-block-image\"><img decoding=\"async\" src=\"https:\/\/www.diariochaco.com\/content\/bucket\/5\/596115w790h971c.jpg.webp\" alt=\"\"\/><\/figure>\n\n\n\n<p>Desde la empresa recordaron la peligrosidad de intentar robar cables, tanto para la infraestructura el\u00e9ctrica como para la vida de quienes lo hacen. Ante cualquier hecho similar, pidieron que se realicen las denuncias al 0800-7777-589.<\/p>\n","protected":false},"excerpt":{"rendered":"<p>En la siesta del mi\u00e9rcoles, se produjo un incidente delictivo en el Centro de Distribuci\u00f3n N\u00ba 3 de Secheep en S\u00e1enz Pe\u00f1a. Dos individuos intentaron robar un cable subterr\u00e1neo y lograron extraer tanto el neutro como la cuba met\u00e1lica.&nbsp;La descarga el\u00e9ctrica resultante fue visible desde la cima del transformador, y como consecuencia, uno de los &hellip;<\/p>\n","protected":false},"author":2,"featured_media":91156,"comment_status":"open","ping_status":"open","sticky":false,"template":"","format":"standard","meta":{"_jetpack_memberships_contains_paid_content":false,"footnotes":"","jetpack_publicize_message":"","jetpack_publicize_feature_enabled":true,"jetpack_social_post_already_shared":true,"jetpack_social_options":{"image_generator_settings":{"template":"highway","default_image_id":0,"font":"","enabled":false},"version":2}},"categories":[5,8],"tags":[],"class_list":["post-91155","post","type-post","status-publish","format-standard","has-post-thumbnail","hentry","category-chaco","category-policiales"],"jetpack_publicize_connections":[],"jetpack_featured_media_url":"https:\/\/portalmovil.com.ar\/wp-content\/uploads\/2024\/02\/596116w480h270c.jpg.webp","jetpack_sharing_enabled":true,"amp_enabled":true,"_links":{"self":[{"href":"https:\/\/portalmovil.com.ar\/index.php\/wp-json\/wp\/v2\/posts\/91155","targetHints":{"allow":["GET"]}}],"collection":[{"href":"https:\/\/portalmovil.com.ar\/index.php\/wp-json\/wp\/v2\/posts"}],"about":[{"href":"https:\/\/portalmovil.com.ar\/index.php\/wp-json\/wp\/v2\/types\/post"}],"author":[{"embeddable":true,"href":"https:\/\/portalmovil.com.ar\/index.php\/wp-json\/wp\/v2\/users\/2"}],"replies":[{"embeddable":true,"href":"https:\/\/portalmovil.com.ar\/index.php\/wp-json\/wp\/v2\/comments?post=91155"}],"version-history":[{"count":1,"href":"https:\/\/portalmovil.com.ar\/index.php\/wp-json\/wp\/v2\/posts\/91155\/revisions"}],"predecessor-version":[{"id":91157,"href":"https:\/\/portalmovil.com.ar\/index.php\/wp-json\/wp\/v2\/posts\/91155\/revisions\/91157"}],"wp:featuredmedia":[{"embeddable":true,"href":"https:\/\/portalmovil.com.ar\/index.php\/wp-json\/wp\/v2\/media\/91156"}],"wp:attachment":[{"href":"https:\/\/portalmovil.com.ar\/index.php\/wp-json\/wp\/v2\/media?parent=91155"}],"wp:term":[{"taxonomy":"category","embeddable":true,"href":"https:\/\/portalmovil.com.ar\/index.php\/wp-json\/wp\/v2\/categories?post=91155"},{"taxonomy":"post_tag","embeddable":true,"href":"https:\/\/portalmovil.com.ar\/index.php\/wp-json\/wp\/v2\/tags?post=91155"}],"curies":[{"name":"wp","href":"https:\/\/api.w.org\/{rel}","templated":true}]}}