{"id":90852,"date":"2024-02-15T10:32:58","date_gmt":"2024-02-15T13:32:58","guid":{"rendered":"https:\/\/portalmovil.com.ar\/?p=90852"},"modified":"2024-02-15T10:33:01","modified_gmt":"2024-02-15T13:33:01","slug":"martin-lousteau-critico-el-plan-economico-de-javier-milei-no-tiene-un-plan-de-estabilizacion","status":"publish","type":"post","link":"https:\/\/portalmovil.com.ar\/index.php\/2024\/02\/15\/martin-lousteau-critico-el-plan-economico-de-javier-milei-no-tiene-un-plan-de-estabilizacion\/","title":{"rendered":"Mart\u00edn Lousteau critic\u00f3 el plan econ\u00f3mico de Javier Milei: \u00abno tiene un plan de estabilizaci\u00f3n\u00bb"},"content":{"rendered":"\n<p>El senador nacional y presidente de la Uni\u00f3n C\u00edvica Radical (UCR), Mart\u00edn Lousteau, dijo que el Gobierno deja que la inflaci\u00f3n haga el \u00abtrabajo sucio de licuar los salarios\u00bb y advirti\u00f3 sobre los peligros de la dolarizaci\u00f3n.<\/p>\n\n\n\n<p>\u00abEs evidente que hay un camino pavimentado para dolarizar. Veo que ah\u00ed hay un riesgo. En las cosas que m\u00e1s me preocupan son las irreversibles. La dolarizaci\u00f3n es un camino irreversible, extremadamente gravoso para la Argentina\u00bb, dijo el dirigente radical en di\u00e1logo con Gelatina.<\/p>\n\n\n\n<p>Para el Senador, todos los que \u00abentraron\u00bb en la adopci\u00f3n de la moneda estadounidense son \u00abpa\u00edses chicos\u00bb, y enumer\u00f3 a Panam\u00e1, Ecuador o Hong Kong, remarcando que ninguno pudo salir.<\/p>\n\n\n\n<p>\u00abNo ten\u00e9s pa\u00edses grandes, que compitan con Estados Unidos en t\u00e9rminos de cierta producci\u00f3n agropecuaria, que est\u00e9n dolarizados\u00bb, agreg\u00f3.<\/p>\n\n\n\n<p>Mart\u00edn Lousteau plante\u00f3 que el Gobierno no tiene \u00abun plan de estabilizaci\u00f3n\u00bb sino que promovi\u00f3 \u00abun aumento de impuestos, de tarifas y una enorme licuaci\u00f3n de los ingresos\u00bb que afect\u00f3 \u00abparticularmente a la clase media y baja\u00bb.<\/p>\n\n\n\n<p>\u00abEl Gobierno lo \u00fanico que hizo fue dejar que la inflaci\u00f3n extremadamente alta haga el trabajo sucio de bajar el gasto\u00bb, subray\u00f3, y cuestion\u00f3 al presidente Javier Milei por enojarse y se\u00f1alar a los gobernadores y diputados que no apoyaron la Ley \u00d3mnibus en el Congreso.<\/p>\n\n\n\n<p>Y a\u00f1adi\u00f3: \u00abMilei tiene el sue\u00f1o de la casta propia. Si los tucumanos se dan vuelta y lo votan &#8216;no son casta&#8217;, pero si no se hubieran dado vuelta &#8216;son casta&#8217;. Las mismas personas\u00bb.<\/p>\n\n\n\n<p>Adem\u00e1s, calific\u00f3 como \u00abuna estafa electoral\u00bb que los principales dirigentes del PRO formen una alianza con La Libertad Avanza (LLA) y sean parte del actual Gobierno. \u00abLlevaste un binomio presidencial y resulta que son parte del mismo gobierno. Hubieran ido a una PASO con Milei. Hay un mont\u00f3n de nosotros que reaccionamos a eso, nosotros no estamos para eso\u00bb, coment\u00f3.<\/p>\n\n\n\n<p>Al ser consultado por la situaci\u00f3n de su partido, el economista se\u00f1al\u00f3: \u00abNo me gusta el radicalismo de &#8216;nosotros quer\u00edamos ayudar&#8217;. Nosotros defendemos ciertas cosas. Mayores impuestos al valor agregado, las pymes y las exportaciones no. \u00bfCagar a los jubilados? \u00bfRealmente?\u00bb.<\/p>\n\n\n\n<p>Por \u00faltimo, afirm\u00f3 que la UCR debe \u00abir por las cosas que cree, salir de la t\u00e1ctica y no correr detr\u00e1s de la moda\u00bb.<\/p>\n","protected":false},"excerpt":{"rendered":"<p>El senador nacional y presidente de la Uni\u00f3n C\u00edvica Radical (UCR), Mart\u00edn Lousteau, dijo que el Gobierno deja que la inflaci\u00f3n haga el \u00abtrabajo sucio de licuar los salarios\u00bb y advirti\u00f3 sobre los peligros de la dolarizaci\u00f3n. \u00abEs evidente que hay un camino pavimentado para dolarizar. Veo que ah\u00ed hay un riesgo. En las cosas &hellip;<\/p>\n","protected":false},"author":6,"featured_media":90853,"comment_status":"open","ping_status":"open","sticky":false,"template":"","format":"standard","meta":{"_jetpack_memberships_contains_paid_content":false,"footnotes":"","jetpack_publicize_message":"","jetpack_publicize_feature_enabled":true,"jetpack_social_post_already_shared":true,"jetpack_social_options":{"image_generator_settings":{"template":"highway","default_image_id":0,"font":"","enabled":false},"version":2}},"categories":[14],"tags":[],"class_list":["post-90852","post","type-post","status-publish","format-standard","has-post-thumbnail","hentry","category-politica"],"jetpack_publicize_connections":[],"jetpack_featured_media_url":"https:\/\/portalmovil.com.ar\/wp-content\/uploads\/2024\/02\/lousteau.webp","jetpack_sharing_enabled":true,"amp_enabled":true,"_links":{"self":[{"href":"https:\/\/portalmovil.com.ar\/index.php\/wp-json\/wp\/v2\/posts\/90852","targetHints":{"allow":["GET"]}}],"collection":[{"href":"https:\/\/portalmovil.com.ar\/index.php\/wp-json\/wp\/v2\/posts"}],"about":[{"href":"https:\/\/portalmovil.com.ar\/index.php\/wp-json\/wp\/v2\/types\/post"}],"author":[{"embeddable":true,"href":"https:\/\/portalmovil.com.ar\/index.php\/wp-json\/wp\/v2\/users\/6"}],"replies":[{"embeddable":true,"href":"https:\/\/portalmovil.com.ar\/index.php\/wp-json\/wp\/v2\/comments?post=90852"}],"version-history":[{"count":1,"href":"https:\/\/portalmovil.com.ar\/index.php\/wp-json\/wp\/v2\/posts\/90852\/revisions"}],"predecessor-version":[{"id":90854,"href":"https:\/\/portalmovil.com.ar\/index.php\/wp-json\/wp\/v2\/posts\/90852\/revisions\/90854"}],"wp:featuredmedia":[{"embeddable":true,"href":"https:\/\/portalmovil.com.ar\/index.php\/wp-json\/wp\/v2\/media\/90853"}],"wp:attachment":[{"href":"https:\/\/portalmovil.com.ar\/index.php\/wp-json\/wp\/v2\/media?parent=90852"}],"wp:term":[{"taxonomy":"category","embeddable":true,"href":"https:\/\/portalmovil.com.ar\/index.php\/wp-json\/wp\/v2\/categories?post=90852"},{"taxonomy":"post_tag","embeddable":true,"href":"https:\/\/portalmovil.com.ar\/index.php\/wp-json\/wp\/v2\/tags?post=90852"}],"curies":[{"name":"wp","href":"https:\/\/api.w.org\/{rel}","templated":true}]}}