{"id":90208,"date":"2024-01-29T15:29:54","date_gmt":"2024-01-29T18:29:54","guid":{"rendered":"https:\/\/portalmovil.com.ar\/?p=90208"},"modified":"2024-01-29T15:29:56","modified_gmt":"2024-01-29T18:29:56","slug":"las-oficinas-de-pami-en-resistencia-y-barranqueras-estaran-cerradas-este-proximo-viernes","status":"publish","type":"post","link":"https:\/\/portalmovil.com.ar\/index.php\/2024\/01\/29\/las-oficinas-de-pami-en-resistencia-y-barranqueras-estaran-cerradas-este-proximo-viernes\/","title":{"rendered":"Las oficinas de PAMI en Resistencia y Barranqueras estar\u00e1n cerradas este pr\u00f3ximo viernes"},"content":{"rendered":"\n<p>Desde el organismo nacional indicaron que, durante dicha jornada, no atender\u00e1n al p\u00fablico y que reabrir\u00e1n sus puertas el lunes 5 de febrero.<\/p>\n\n\n\n<h3 class=\"wp-block-heading\"><strong>El Instituto Nacional de Servicios Sociales para Jubilados y Pensionados (INSSJP-PAMI) informa a la comunidad que, en adhesi\u00f3n al asueto administrativo declarado por el Gobierno del Chaco, mediante el Decreto N\u00b0 211\/09, las oficinas ubicadas en Resistencia y Barranqueras permanecer\u00e1n cerradas el viernes 2 de febrero del 2024.<\/strong>&nbsp;<\/h3>\n\n\n\n<p>Esta medida se adopta en conmemoraci\u00f3n al homenaje de la llegada de las primeras familias extranjeras al territorio del actual departamento San Fernando de la provincia, en el a\u00f1o 1878.<\/p>\n\n\n\n<p>Durante este d\u00eda,\u00a0<strong>el INSSJP se une a la celebraci\u00f3n de este acontecimiento hist\u00f3rico y respeta el asueto establecido por el Gobierno provincial.<\/strong><\/p>\n\n\n\n<h3 class=\"wp-block-heading\"><strong>Los afiliados que tuvieran turnos programados para el d\u00eda 2 de febrero ser\u00e1n contactados telef\u00f3nicamente por el equipo para gestionar la reprogramaci\u00f3n de los mismos.<\/strong>&nbsp;<\/h3>\n\n\n\n<p>\u00abPedimos la comprensi\u00f3n de nuestros afiliados ante esta medida, la cual busca garantizar la atenci\u00f3n \u00f3ptima y la comodidad de nuestros beneficiarios\u00bb, indicaron desde el organismo.<\/p>\n\n\n\n<p><strong>La reapertura de las oficinas est\u00e1 programada para el lunes 5 de febrero, en el horario habitual de atenci\u00f3n al p\u00fablico.<\/strong><\/p>\n\n\n\n<p>\u00abAgradecemos la comprensi\u00f3n de nuestros afiliados, colaboradores y la comunidad en general, ante esta medida que busca reconocer la importancia hist\u00f3rica de los pioneros que enfrentando la adversidad poblaron la ciudad\u00bb, sostuvo.<\/p>\n\n\n\n<p><strong>Para consultas adicionales, podr\u00e1n ponerse en contacto con PAMI Escucha al n\u00famero gratuito 138.<\/strong><\/p>\n","protected":false},"excerpt":{"rendered":"<p>Desde el organismo nacional indicaron que, durante dicha jornada, no atender\u00e1n al p\u00fablico y que reabrir\u00e1n sus puertas el lunes 5 de febrero. El Instituto Nacional de Servicios Sociales para Jubilados y Pensionados (INSSJP-PAMI) informa a la comunidad que, en adhesi\u00f3n al asueto administrativo declarado por el Gobierno del Chaco, mediante el Decreto N\u00b0 211\/09, &hellip;<\/p>\n","protected":false},"author":2,"featured_media":90209,"comment_status":"open","ping_status":"open","sticky":false,"template":"","format":"standard","meta":{"_jetpack_memberships_contains_paid_content":false,"footnotes":"","jetpack_publicize_message":"","jetpack_publicize_feature_enabled":true,"jetpack_social_post_already_shared":true,"jetpack_social_options":{"image_generator_settings":{"template":"highway","default_image_id":0,"font":"","enabled":false},"version":2}},"categories":[28,5],"tags":[],"class_list":["post-90208","post","type-post","status-publish","format-standard","has-post-thumbnail","hentry","category-actualidad","category-chaco"],"jetpack_publicize_connections":[],"jetpack_featured_media_url":"https:\/\/portalmovil.com.ar\/wp-content\/uploads\/2024\/01\/443438w850h564c.jpg.webp","jetpack_sharing_enabled":true,"amp_enabled":true,"_links":{"self":[{"href":"https:\/\/portalmovil.com.ar\/index.php\/wp-json\/wp\/v2\/posts\/90208","targetHints":{"allow":["GET"]}}],"collection":[{"href":"https:\/\/portalmovil.com.ar\/index.php\/wp-json\/wp\/v2\/posts"}],"about":[{"href":"https:\/\/portalmovil.com.ar\/index.php\/wp-json\/wp\/v2\/types\/post"}],"author":[{"embeddable":true,"href":"https:\/\/portalmovil.com.ar\/index.php\/wp-json\/wp\/v2\/users\/2"}],"replies":[{"embeddable":true,"href":"https:\/\/portalmovil.com.ar\/index.php\/wp-json\/wp\/v2\/comments?post=90208"}],"version-history":[{"count":1,"href":"https:\/\/portalmovil.com.ar\/index.php\/wp-json\/wp\/v2\/posts\/90208\/revisions"}],"predecessor-version":[{"id":90210,"href":"https:\/\/portalmovil.com.ar\/index.php\/wp-json\/wp\/v2\/posts\/90208\/revisions\/90210"}],"wp:featuredmedia":[{"embeddable":true,"href":"https:\/\/portalmovil.com.ar\/index.php\/wp-json\/wp\/v2\/media\/90209"}],"wp:attachment":[{"href":"https:\/\/portalmovil.com.ar\/index.php\/wp-json\/wp\/v2\/media?parent=90208"}],"wp:term":[{"taxonomy":"category","embeddable":true,"href":"https:\/\/portalmovil.com.ar\/index.php\/wp-json\/wp\/v2\/categories?post=90208"},{"taxonomy":"post_tag","embeddable":true,"href":"https:\/\/portalmovil.com.ar\/index.php\/wp-json\/wp\/v2\/tags?post=90208"}],"curies":[{"name":"wp","href":"https:\/\/api.w.org\/{rel}","templated":true}]}}