{"id":90189,"date":"2024-01-29T10:16:12","date_gmt":"2024-01-29T13:16:12","guid":{"rendered":"https:\/\/portalmovil.com.ar\/?p=90189"},"modified":"2024-01-29T10:16:16","modified_gmt":"2024-01-29T13:16:16","slug":"chacaritas-sin-control-es-igual-a-mas-robos-de-cables-dijo-alejandro-aradas","status":"publish","type":"post","link":"https:\/\/portalmovil.com.ar\/index.php\/2024\/01\/29\/chacaritas-sin-control-es-igual-a-mas-robos-de-cables-dijo-alejandro-aradas\/","title":{"rendered":"\u00abChacaritas sin control es igual a m\u00e1s robos de cables\u00bb dijo Alejandro Aradas"},"content":{"rendered":"\n<p>El presidente del Concejo Municipal, Alejandro Aradas habl\u00f3 sobre la problem\u00e1tica de los robos de cable, que son cada vez m\u00e1s en la provincia, y se\u00f1al\u00f3 la urgencia de frenar el circuito delictivo que se ha establecido en torno a las chacaritas, que en su mayor\u00eda operan de manera irregular y son puntos clave para la comercializaci\u00f3n del cobre.<br>\u00a0<br>Aradas, haciendo referencia a recientes detenciones de individuos vinculados al robo de cables, enfatiz\u00f3 que \u00ab<strong>si no frenamos el circuito de las chacaritas, que en su mayor\u00eda funcionan de manera irregular y son los lugares de comercializaci\u00f3n del cobre, no vamos a encontrar soluci\u00f3n alguna\u00bb<\/strong>\u00a0a esta creciente problem\u00e1tica.<br>\u00a0<br>En un llamado a la colaboraci\u00f3n, Aradas subray\u00f3 la importancia de una acci\u00f3n coordinada, involucrando al legislativo y ejecutivo municipal, a la polic\u00eda del Chaco y al poder judicial para el control y la clausura de establecimientos irregulares.\u00a0<strong>\u00abNecesitamos que todas las partes se involucren para poder parar este flagelo, porque los roba cables salen al otro d\u00eda de haber cometido el robo\u00bb<\/strong>, afirm\u00f3 el presidente del Concejo.<br>\u00a0<br>Ante la falta de una respuesta efectiva en los pr\u00f3ximos meses, Aradas advirti\u00f3 sobre la posibilidad de implementar medidas m\u00e1s dr\u00e1sticas, afirmando que<strong>\u00a0\u00abdesde el legislativo tendremos que ir pensando en limitar la comercializaci\u00f3n de cobre y bronce en chacaritas y cualquier tipo de comercio que compre y venda estos metales.\u00bb<\/strong><\/p>\n","protected":false},"excerpt":{"rendered":"<p>El presidente del Concejo Municipal, Alejandro Aradas habl\u00f3 sobre la problem\u00e1tica de los robos de cable, que son cada vez m\u00e1s en la provincia, y se\u00f1al\u00f3 la urgencia de frenar el circuito delictivo que se ha establecido en torno a las chacaritas, que en su mayor\u00eda operan de manera irregular y son puntos clave para &hellip;<\/p>\n","protected":false},"author":2,"featured_media":90190,"comment_status":"open","ping_status":"open","sticky":false,"template":"","format":"standard","meta":{"_jetpack_memberships_contains_paid_content":false,"footnotes":"","jetpack_publicize_message":"","jetpack_publicize_feature_enabled":true,"jetpack_social_post_already_shared":true,"jetpack_social_options":{"image_generator_settings":{"template":"highway","default_image_id":0,"font":"","enabled":false},"version":2}},"categories":[14,37],"tags":[],"class_list":["post-90189","post","type-post","status-publish","format-standard","has-post-thumbnail","hentry","category-politica","category-resistencia"],"jetpack_publicize_connections":[],"jetpack_featured_media_url":"https:\/\/portalmovil.com.ar\/wp-content\/uploads\/2024\/01\/1706534050107.jpg","jetpack_sharing_enabled":true,"amp_enabled":true,"_links":{"self":[{"href":"https:\/\/portalmovil.com.ar\/index.php\/wp-json\/wp\/v2\/posts\/90189","targetHints":{"allow":["GET"]}}],"collection":[{"href":"https:\/\/portalmovil.com.ar\/index.php\/wp-json\/wp\/v2\/posts"}],"about":[{"href":"https:\/\/portalmovil.com.ar\/index.php\/wp-json\/wp\/v2\/types\/post"}],"author":[{"embeddable":true,"href":"https:\/\/portalmovil.com.ar\/index.php\/wp-json\/wp\/v2\/users\/2"}],"replies":[{"embeddable":true,"href":"https:\/\/portalmovil.com.ar\/index.php\/wp-json\/wp\/v2\/comments?post=90189"}],"version-history":[{"count":1,"href":"https:\/\/portalmovil.com.ar\/index.php\/wp-json\/wp\/v2\/posts\/90189\/revisions"}],"predecessor-version":[{"id":90191,"href":"https:\/\/portalmovil.com.ar\/index.php\/wp-json\/wp\/v2\/posts\/90189\/revisions\/90191"}],"wp:featuredmedia":[{"embeddable":true,"href":"https:\/\/portalmovil.com.ar\/index.php\/wp-json\/wp\/v2\/media\/90190"}],"wp:attachment":[{"href":"https:\/\/portalmovil.com.ar\/index.php\/wp-json\/wp\/v2\/media?parent=90189"}],"wp:term":[{"taxonomy":"category","embeddable":true,"href":"https:\/\/portalmovil.com.ar\/index.php\/wp-json\/wp\/v2\/categories?post=90189"},{"taxonomy":"post_tag","embeddable":true,"href":"https:\/\/portalmovil.com.ar\/index.php\/wp-json\/wp\/v2\/tags?post=90189"}],"curies":[{"name":"wp","href":"https:\/\/api.w.org\/{rel}","templated":true}]}}