{"id":90144,"date":"2024-01-26T10:01:00","date_gmt":"2024-01-26T13:01:00","guid":{"rendered":"https:\/\/portalmovil.com.ar\/?p=90144"},"modified":"2024-01-26T22:03:42","modified_gmt":"2024-01-27T01:03:42","slug":"el-gobernador-constato-la-llegada-de-medicamentos-a-la-farmacia-del-insssep","status":"publish","type":"post","link":"https:\/\/portalmovil.com.ar\/index.php\/2024\/01\/26\/el-gobernador-constato-la-llegada-de-medicamentos-a-la-farmacia-del-insssep\/","title":{"rendered":"El gobernador constat\u00f3 la llegada de medicamentos a la Farmacia del Insssep"},"content":{"rendered":"\n<p>El gobernador junto a la presidente del Insssep, Irene Dumrauf, supervis\u00f3 el arribo de medicina para todos los afiliados. Adem\u00e1s, indicaron que la semana que viene llegar\u00e1n m\u00e1s.<\/p>\n\n\n\n<h3 class=\"wp-block-heading\"><strong>El gobernador Leandro Zdero estuvo este viernes en la Farmacia del Insssep, junto a la presidente del organismo, Irene Dumrauf, donde se realiz\u00f3 la entrega de medicamentos que cubrir\u00e1 las demandas de los afiliados.&nbsp;<\/strong>&nbsp;<\/h3>\n\n\n\n<p>\u00abEstamos tratando de reencauzar y de recuperar este perfil que la Farmacia debe tener.<strong>\u00a0M\u00e1s all\u00e1 de las dificultades, que tenemos todos los d\u00edas, trabajamos incansablemente para recuperar y tener realmente el stock necesario\u00bb, sostuvo el mandatario provincial.<\/strong><\/p>\n\n\n\n<p><strong>\u00abNos llevar\u00e1 un tiempo normalizarlo. A la gente no le vamos a mentir, porque hemos recibido un Insssep realmente destruido<\/strong>. Sin embargo, tenemos el compromiso con los afiliados, que aportaron toda su vida\u00bb, se\u00f1al\u00f3 Zdero.<\/p>\n\n\n\n<p>Por su parte, la presidente del Insssep, Irene Dumrauf, manifest\u00f3:<strong>\u00a0\u00abHace un tiempo atr\u00e1s, a partir de determinado mes, ya no se compr\u00f3 medicamentos, no se pagaba,<\/strong>\u00a0y hoy con mucho esfuerzo, con el acompa\u00f1amiento del Gobierno provincial, estamos iniciando un proceso de reorganizaci\u00f3n y sobre todo de proyecci\u00f3n, para poder satisfacer la demanda que diariamente recibimos aqu\u00ed en la Farmacia\u00bb.<\/p>\n\n\n\n<p><strong>\u00abCuando los afiliados vienen y reclaman, lo hacen porque se les hab\u00eda negado, en su momento, la asistencia o el medicamento necesario para mejorar su calidad de vida.<\/strong>\u00a0Pero ahora estamos trabajando con el acompa\u00f1amiento de muchos empleados del organismo que brindan este servicio, muestran esa empat\u00eda que necesitan nuestros afiliados y esa ser\u00e1 la l\u00ednea que vamos a seguir en esta gesti\u00f3n\u00bb, agreg\u00f3.<\/p>\n\n\n\n<p>Zdero y Dumrauf estuvieron acompa\u00f1ados tambi\u00e9n por el vocal del Insssep, Ra\u00fal Cantero, quienes fueron recibidos por Liliana Bernardi, directora t\u00e9cnica en la Farmacia.\u00a0<strong>\u00c9sta \u00faltima adelant\u00f3 que llegar\u00e1n m\u00e1s medicamentos durante \u00a0la semana pr\u00f3xima.<\/strong><\/p>\n","protected":false},"excerpt":{"rendered":"<p>El gobernador junto a la presidente del Insssep, Irene Dumrauf, supervis\u00f3 el arribo de medicina para todos los afiliados. Adem\u00e1s, indicaron que la semana que viene llegar\u00e1n m\u00e1s. El gobernador Leandro Zdero estuvo este viernes en la Farmacia del Insssep, junto a la presidente del organismo, Irene Dumrauf, donde se realiz\u00f3 la entrega de medicamentos &hellip;<\/p>\n","protected":false},"author":2,"featured_media":90145,"comment_status":"open","ping_status":"open","sticky":false,"template":"","format":"standard","meta":{"_jetpack_memberships_contains_paid_content":false,"footnotes":"","jetpack_publicize_message":"","jetpack_publicize_feature_enabled":true,"jetpack_social_post_already_shared":true,"jetpack_social_options":{"image_generator_settings":{"template":"highway","default_image_id":0,"font":"","enabled":false},"version":2}},"categories":[5,14,12],"tags":[],"class_list":["post-90144","post","type-post","status-publish","format-standard","has-post-thumbnail","hentry","category-chaco","category-politica","category-ultimo"],"jetpack_publicize_connections":[],"jetpack_featured_media_url":"https:\/\/portalmovil.com.ar\/wp-content\/uploads\/2024\/01\/162857w480h320c.jpg.webp","jetpack_sharing_enabled":true,"amp_enabled":true,"_links":{"self":[{"href":"https:\/\/portalmovil.com.ar\/index.php\/wp-json\/wp\/v2\/posts\/90144","targetHints":{"allow":["GET"]}}],"collection":[{"href":"https:\/\/portalmovil.com.ar\/index.php\/wp-json\/wp\/v2\/posts"}],"about":[{"href":"https:\/\/portalmovil.com.ar\/index.php\/wp-json\/wp\/v2\/types\/post"}],"author":[{"embeddable":true,"href":"https:\/\/portalmovil.com.ar\/index.php\/wp-json\/wp\/v2\/users\/2"}],"replies":[{"embeddable":true,"href":"https:\/\/portalmovil.com.ar\/index.php\/wp-json\/wp\/v2\/comments?post=90144"}],"version-history":[{"count":1,"href":"https:\/\/portalmovil.com.ar\/index.php\/wp-json\/wp\/v2\/posts\/90144\/revisions"}],"predecessor-version":[{"id":90146,"href":"https:\/\/portalmovil.com.ar\/index.php\/wp-json\/wp\/v2\/posts\/90144\/revisions\/90146"}],"wp:featuredmedia":[{"embeddable":true,"href":"https:\/\/portalmovil.com.ar\/index.php\/wp-json\/wp\/v2\/media\/90145"}],"wp:attachment":[{"href":"https:\/\/portalmovil.com.ar\/index.php\/wp-json\/wp\/v2\/media?parent=90144"}],"wp:term":[{"taxonomy":"category","embeddable":true,"href":"https:\/\/portalmovil.com.ar\/index.php\/wp-json\/wp\/v2\/categories?post=90144"},{"taxonomy":"post_tag","embeddable":true,"href":"https:\/\/portalmovil.com.ar\/index.php\/wp-json\/wp\/v2\/tags?post=90144"}],"curies":[{"name":"wp","href":"https:\/\/api.w.org\/{rel}","templated":true}]}}