{"id":90121,"date":"2024-01-26T14:17:16","date_gmt":"2024-01-26T17:17:16","guid":{"rendered":"https:\/\/portalmovil.com.ar\/?p=90121"},"modified":"2024-01-26T14:17:36","modified_gmt":"2024-01-26T17:17:36","slug":"sin-magda-ayala-zdero-recorrio-el-puerto-de-barranqueras-con-alicia-azula","status":"publish","type":"post","link":"https:\/\/portalmovil.com.ar\/index.php\/2024\/01\/26\/sin-magda-ayala-zdero-recorrio-el-puerto-de-barranqueras-con-alicia-azula\/","title":{"rendered":"Sin Magda Ayala, Zdero recorri\u00f3 el Puerto de Barranqueras con Alicia Azula"},"content":{"rendered":"\n<p>El gobernador Leandro Zdero, encabez\u00f3 en la tarde de ayer, en el sal\u00f3n de usos m\u00faltiples del Puerto Barranqueras, un encuentro de trabajo con el objetivo de articular mecanismos para la modernizaci\u00f3n,\u00a0<strong>conectividad y operatividad de los Puertos de Las Palmas y Barranqueras, en conjunto con la compa\u00f1\u00eda log\u00edstica Colono.<\/strong>\u00a0<\/p>\n\n\n\n<p>Para ello, fueron invitados los referentes de organismos p\u00fablicos y descentralizados del gobierno provincial que expusieron sus proyectos vinculados al desarrollo. \u00ab<strong>Es un potencial extraordinario que tenemos, no solo en la provincia sino en la regi\u00f3n; despu\u00e9s de tanto tiempo,<\/strong>&nbsp;de 20 a\u00f1os, necesitamos reactivar los puertos, pero fundamentalmente reactivar la producci\u00f3n, la econom\u00eda, el desarrollo y el crecimiento de nuestra provincia\u00bb, se\u00f1al\u00f3 Zdero.<\/p>\n\n\n\n<p>Esta convocatoria nos \u00abimpulsa a trabajar en equipo\u00bb, expres\u00f3 el gobernador Leandro Zdero, en medio de esta reuni\u00f3n \u00abdestinada a profundizar detalles sobre las potencialidades de los puertos que funcionan en nuestra provincia y a la coordinaci\u00f3n de la compa\u00f1\u00eda Colono;<strong>&nbsp;todo vinculado con la actividad productiva chaque\u00f1a\u00bb<\/strong>.<\/p>\n\n\n\n<p>En esta jornada, fueron convocadas las autoridades del Puerto Barranqueras, del Puerto Las Palmas, Colono, Administraci\u00f3n Provincial del Agua (APA), Sameep, de la Fiduciaria del Norte y de ECOM Chaco.&nbsp;<\/p>\n\n\n\n<p>Durante este encuentro, los organismos invitados expusieron acerca de proyectos de cada uno de ellos para potenciar los puertos que beneficien a la salida y<strong>&nbsp;entrada de productos para la actividad productiva provincial.<\/strong><\/p>\n","protected":false},"excerpt":{"rendered":"<p>El gobernador Leandro Zdero, encabez\u00f3 en la tarde de ayer, en el sal\u00f3n de usos m\u00faltiples del Puerto Barranqueras, un encuentro de trabajo con el objetivo de articular mecanismos para la modernizaci\u00f3n,\u00a0conectividad y operatividad de los Puertos de Las Palmas y Barranqueras, en conjunto con la compa\u00f1\u00eda log\u00edstica Colono.\u00a0 Para ello, fueron invitados los referentes &hellip;<\/p>\n","protected":false},"author":2,"featured_media":90123,"comment_status":"open","ping_status":"open","sticky":false,"template":"","format":"standard","meta":{"_jetpack_memberships_contains_paid_content":false,"footnotes":"","jetpack_publicize_message":"","jetpack_publicize_feature_enabled":true,"jetpack_social_post_already_shared":true,"jetpack_social_options":{"image_generator_settings":{"template":"highway","default_image_id":0,"font":"","enabled":false},"version":2}},"categories":[5,14],"tags":[],"class_list":["post-90121","post","type-post","status-publish","format-standard","has-post-thumbnail","hentry","category-chaco","category-politica"],"jetpack_publicize_connections":[],"jetpack_featured_media_url":"https:\/\/portalmovil.com.ar\/wp-content\/uploads\/2024\/01\/258992w480h320c.jpg.webp","jetpack_sharing_enabled":true,"amp_enabled":true,"_links":{"self":[{"href":"https:\/\/portalmovil.com.ar\/index.php\/wp-json\/wp\/v2\/posts\/90121","targetHints":{"allow":["GET"]}}],"collection":[{"href":"https:\/\/portalmovil.com.ar\/index.php\/wp-json\/wp\/v2\/posts"}],"about":[{"href":"https:\/\/portalmovil.com.ar\/index.php\/wp-json\/wp\/v2\/types\/post"}],"author":[{"embeddable":true,"href":"https:\/\/portalmovil.com.ar\/index.php\/wp-json\/wp\/v2\/users\/2"}],"replies":[{"embeddable":true,"href":"https:\/\/portalmovil.com.ar\/index.php\/wp-json\/wp\/v2\/comments?post=90121"}],"version-history":[{"count":1,"href":"https:\/\/portalmovil.com.ar\/index.php\/wp-json\/wp\/v2\/posts\/90121\/revisions"}],"predecessor-version":[{"id":90124,"href":"https:\/\/portalmovil.com.ar\/index.php\/wp-json\/wp\/v2\/posts\/90121\/revisions\/90124"}],"wp:featuredmedia":[{"embeddable":true,"href":"https:\/\/portalmovil.com.ar\/index.php\/wp-json\/wp\/v2\/media\/90123"}],"wp:attachment":[{"href":"https:\/\/portalmovil.com.ar\/index.php\/wp-json\/wp\/v2\/media?parent=90121"}],"wp:term":[{"taxonomy":"category","embeddable":true,"href":"https:\/\/portalmovil.com.ar\/index.php\/wp-json\/wp\/v2\/categories?post=90121"},{"taxonomy":"post_tag","embeddable":true,"href":"https:\/\/portalmovil.com.ar\/index.php\/wp-json\/wp\/v2\/tags?post=90121"}],"curies":[{"name":"wp","href":"https:\/\/api.w.org\/{rel}","templated":true}]}}