{"id":89974,"date":"2024-01-24T09:51:36","date_gmt":"2024-01-24T12:51:36","guid":{"rendered":"https:\/\/portalmovil.com.ar\/?p=89974"},"modified":"2024-01-24T09:51:39","modified_gmt":"2024-01-24T12:51:39","slug":"habra-policias-con-canes-en-las-plazas-publicas-como-nueva-medida-de-seguridad","status":"publish","type":"post","link":"https:\/\/portalmovil.com.ar\/index.php\/2024\/01\/24\/habra-policias-con-canes-en-las-plazas-publicas-como-nueva-medida-de-seguridad\/","title":{"rendered":"Habr\u00e1 polic\u00edas con canes en las plazas p\u00fablicas como nueva medida de seguridad"},"content":{"rendered":"\n<p>En el marco de medidas relacionadas a la prevenci\u00f3n de los hechos de inseguridad, desde la Polic\u00eda del Chaco comenzaron a aplicar la modalidad de guardias con canes en las plazas p\u00fablicas.<\/p>\n\n\n\n<p>Seg\u00fan explicaron los uniformados se encontrar\u00e1n realizando guardias en las plazas junto a un can de combate.<\/p>\n\n\n\n<p>Sobre esta nueva forma de prevenci\u00f3n, el jefe de la Polic\u00eda del Chaco, Fernando Romero, manifest\u00f3 que el objetivo es prevenir arrebatos o robo de motocicletas. \u00abSe utilizar\u00e1 el can y los detiene\u00bb, enfatiz\u00f3.<\/p>\n","protected":false},"excerpt":{"rendered":"<p>En el marco de medidas relacionadas a la prevenci\u00f3n de los hechos de inseguridad, desde la Polic\u00eda del Chaco comenzaron a aplicar la modalidad de guardias con canes en las plazas p\u00fablicas. Seg\u00fan explicaron los uniformados se encontrar\u00e1n realizando guardias en las plazas junto a un can de combate. Sobre esta nueva forma de prevenci\u00f3n, &hellip;<\/p>\n","protected":false},"author":6,"featured_media":89975,"comment_status":"open","ping_status":"open","sticky":false,"template":"","format":"standard","meta":{"_jetpack_memberships_contains_paid_content":false,"footnotes":"","jetpack_publicize_message":"","jetpack_publicize_feature_enabled":true,"jetpack_social_post_already_shared":true,"jetpack_social_options":{"image_generator_settings":{"template":"highway","default_image_id":0,"font":"","enabled":false},"version":2}},"categories":[8,37],"tags":[],"class_list":["post-89974","post","type-post","status-publish","format-standard","has-post-thumbnail","hentry","category-policiales","category-resistencia"],"jetpack_publicize_connections":[],"jetpack_featured_media_url":"https:\/\/portalmovil.com.ar\/wp-content\/uploads\/2024\/01\/resistencia-22.webp","jetpack_sharing_enabled":true,"amp_enabled":true,"_links":{"self":[{"href":"https:\/\/portalmovil.com.ar\/index.php\/wp-json\/wp\/v2\/posts\/89974","targetHints":{"allow":["GET"]}}],"collection":[{"href":"https:\/\/portalmovil.com.ar\/index.php\/wp-json\/wp\/v2\/posts"}],"about":[{"href":"https:\/\/portalmovil.com.ar\/index.php\/wp-json\/wp\/v2\/types\/post"}],"author":[{"embeddable":true,"href":"https:\/\/portalmovil.com.ar\/index.php\/wp-json\/wp\/v2\/users\/6"}],"replies":[{"embeddable":true,"href":"https:\/\/portalmovil.com.ar\/index.php\/wp-json\/wp\/v2\/comments?post=89974"}],"version-history":[{"count":1,"href":"https:\/\/portalmovil.com.ar\/index.php\/wp-json\/wp\/v2\/posts\/89974\/revisions"}],"predecessor-version":[{"id":89976,"href":"https:\/\/portalmovil.com.ar\/index.php\/wp-json\/wp\/v2\/posts\/89974\/revisions\/89976"}],"wp:featuredmedia":[{"embeddable":true,"href":"https:\/\/portalmovil.com.ar\/index.php\/wp-json\/wp\/v2\/media\/89975"}],"wp:attachment":[{"href":"https:\/\/portalmovil.com.ar\/index.php\/wp-json\/wp\/v2\/media?parent=89974"}],"wp:term":[{"taxonomy":"category","embeddable":true,"href":"https:\/\/portalmovil.com.ar\/index.php\/wp-json\/wp\/v2\/categories?post=89974"},{"taxonomy":"post_tag","embeddable":true,"href":"https:\/\/portalmovil.com.ar\/index.php\/wp-json\/wp\/v2\/tags?post=89974"}],"curies":[{"name":"wp","href":"https:\/\/api.w.org\/{rel}","templated":true}]}}