{"id":89710,"date":"2024-01-17T20:25:11","date_gmt":"2024-01-17T23:25:11","guid":{"rendered":"https:\/\/portalmovil.com.ar\/?p=89710"},"modified":"2024-01-17T20:25:14","modified_gmt":"2024-01-17T23:25:14","slug":"ecuador-matan-a-tiros-al-fiscal-que-investigaba-el-asalto-armado-a-canal-de-television","status":"publish","type":"post","link":"https:\/\/portalmovil.com.ar\/index.php\/2024\/01\/17\/ecuador-matan-a-tiros-al-fiscal-que-investigaba-el-asalto-armado-a-canal-de-television\/","title":{"rendered":"Ecuador: matan a tiros al fiscal que investigaba el asalto armado a canal de televisi\u00f3n"},"content":{"rendered":"\n<p>Sicarios a bordo de una moto interceptaron este mi\u00e9rcoles al fiscal C\u00e9sar Su\u00e1rez y lo acribillaron en el interior de su veh\u00edculo en una avenida del norte de Guayaquil.&nbsp;<strong>El funcionario del Ministerio P\u00fablico -que investigaba el asalto armado contra TC Televisi\u00f3n de la semana pasada- recibi\u00f3 varios disparos en la cabeza, quedando al menos una docena de orificios de bala en el cristal de su veh\u00edculo.<\/strong>&nbsp;El cuerpo permanec\u00eda en el lugar a la espera de la llegada de los forenses.<\/p>\n\n\n\n<p>El atentado se produce cuando en Ecuador rige desde la semana pasada el decreto del presidente Daniel Noboa de \u00abconflicto armado interno\u00bb, que incluye estado de excepci\u00f3n, toque de queda y el despliegue de las Fuerzas Armadas en las calles para responder a la violencia desatada por las bandas del crimen organizado.<\/p>\n\n\n\n<p>Su\u00e1rez estaba a cargo de la investigaci\u00f3n del asalto armado contra TC Televisi\u00f3n, ocurrido la semana pasada, cuando un comando de 13 pandilleros de la banda de Los Tiguerones irrumpi\u00f3 a tiros en las instalaciones televisivas.&nbsp;<strong>Un caso de terrorismo, al tratarse de una de las 22 bandas descriptas como tal en el decreto gubernamental.<\/strong>&nbsp;El fiscal tambi\u00e9n trabaj\u00f3 en la Unidad Nacional Especializada de Investigaci\u00f3n contra la Delincuencia Organizada Transnacional.<\/p>\n\n\n\n<p>El funcionario del Ministerio P\u00fablico carg\u00f3 sobre sus espaldas uno de los casos paralelos a la Operaci\u00f3n Met\u00e1stasis,&nbsp;<strong>que liderada por la fiscal general del Estado involucr\u00f3 al narco Leandro Norero, conocido como \u00abEl Patr\u00f3n\u00bb<\/strong>, con pol\u00edticos, jueces y periodistas. Su\u00e1rez se encarg\u00f3 del caso de corrupci\u00f3n hospitalaria que se\u00f1al\u00f3 directamente al empresario Daniel Salcedo, detenido hace d\u00edas en Panam\u00e1 y sobre el que se aplicar\u00e1 un proceso de extradici\u00f3n.<\/p>\n","protected":false},"excerpt":{"rendered":"<p>Sicarios a bordo de una moto interceptaron este mi\u00e9rcoles al fiscal C\u00e9sar Su\u00e1rez y lo acribillaron en el interior de su veh\u00edculo en una avenida del norte de Guayaquil.&nbsp;El funcionario del Ministerio P\u00fablico -que investigaba el asalto armado contra TC Televisi\u00f3n de la semana pasada- recibi\u00f3 varios disparos en la cabeza, quedando al menos una &hellip;<\/p>\n","protected":false},"author":2,"featured_media":89712,"comment_status":"open","ping_status":"open","sticky":false,"template":"","format":"standard","meta":{"_jetpack_memberships_contains_paid_content":false,"footnotes":"","jetpack_publicize_message":"","jetpack_publicize_feature_enabled":true,"jetpack_social_post_already_shared":true,"jetpack_social_options":{"image_generator_settings":{"template":"highway","default_image_id":0,"font":"","enabled":false},"version":2}},"categories":[17],"tags":[],"class_list":["post-89710","post","type-post","status-publish","format-standard","has-post-thumbnail","hentry","category-mundo"],"jetpack_publicize_connections":[],"jetpack_featured_media_url":"https:\/\/portalmovil.com.ar\/wp-content\/uploads\/2024\/01\/f14387f7-b712-4fc9-b378-3585f5b3b9fa_16-9-aspect-ratio_default_0-1.jpg","jetpack_sharing_enabled":true,"amp_enabled":true,"_links":{"self":[{"href":"https:\/\/portalmovil.com.ar\/index.php\/wp-json\/wp\/v2\/posts\/89710","targetHints":{"allow":["GET"]}}],"collection":[{"href":"https:\/\/portalmovil.com.ar\/index.php\/wp-json\/wp\/v2\/posts"}],"about":[{"href":"https:\/\/portalmovil.com.ar\/index.php\/wp-json\/wp\/v2\/types\/post"}],"author":[{"embeddable":true,"href":"https:\/\/portalmovil.com.ar\/index.php\/wp-json\/wp\/v2\/users\/2"}],"replies":[{"embeddable":true,"href":"https:\/\/portalmovil.com.ar\/index.php\/wp-json\/wp\/v2\/comments?post=89710"}],"version-history":[{"count":1,"href":"https:\/\/portalmovil.com.ar\/index.php\/wp-json\/wp\/v2\/posts\/89710\/revisions"}],"predecessor-version":[{"id":89713,"href":"https:\/\/portalmovil.com.ar\/index.php\/wp-json\/wp\/v2\/posts\/89710\/revisions\/89713"}],"wp:featuredmedia":[{"embeddable":true,"href":"https:\/\/portalmovil.com.ar\/index.php\/wp-json\/wp\/v2\/media\/89712"}],"wp:attachment":[{"href":"https:\/\/portalmovil.com.ar\/index.php\/wp-json\/wp\/v2\/media?parent=89710"}],"wp:term":[{"taxonomy":"category","embeddable":true,"href":"https:\/\/portalmovil.com.ar\/index.php\/wp-json\/wp\/v2\/categories?post=89710"},{"taxonomy":"post_tag","embeddable":true,"href":"https:\/\/portalmovil.com.ar\/index.php\/wp-json\/wp\/v2\/tags?post=89710"}],"curies":[{"name":"wp","href":"https:\/\/api.w.org\/{rel}","templated":true}]}}