{"id":89692,"date":"2024-01-17T10:20:00","date_gmt":"2024-01-17T13:20:00","guid":{"rendered":"https:\/\/portalmovil.com.ar\/?p=89692"},"modified":"2024-01-17T16:25:52","modified_gmt":"2024-01-17T19:25:52","slug":"zdero-solicito-a-nacion-que-no-aumente-las-retenciones-a-las-exportaciones","status":"publish","type":"post","link":"https:\/\/portalmovil.com.ar\/index.php\/2024\/01\/17\/zdero-solicito-a-nacion-que-no-aumente-las-retenciones-a-las-exportaciones\/","title":{"rendered":"Zdero solicit\u00f3 a Naci\u00f3n que no aumente las retenciones a las exportaciones\u00a0"},"content":{"rendered":"\n<p>El gobernador de la provincia de Chaco,\u00a0<strong>Leandro Zdero<\/strong>, junto al ministro de la Producci\u00f3n y el Desarrollo Econ\u00f3mico Sostenible,\u00a0<strong>Hern\u00e1n Halavacs<\/strong>, se reunieron este mi\u00e9rcoles en Buenos Aires con el secretario de Agricultura, Ganader\u00eda y Pesca de la Naci\u00f3n,\u00a0<strong>Fernando Vilella<\/strong>, a quien expusieron\u00a0<strong>su preocupaci\u00f3n y pedido para que no se aplique el nuevo incremento en las retenciones a las exportaciones.<\/strong><\/p>\n\n\n\n<p>\u00ab<strong>Este tema est\u00e1 incorporado en el paquete de leyes que se envi\u00f3 al Congreso y, en estos d\u00edas, se encuentra en tratamiento de ambas c\u00e1maras legislativas<\/strong>. En el caso de nuestra provincia, las producciones que tendr\u00e1n mayor grado de afectaci\u00f3n son el algod\u00f3n, el tanino, el carb\u00f3n y la madera, entre otras\u00bb, detallaron desde el Ejecutivo provincial.<\/p>\n\n\n\n<p>Sobre esta reuni\u00f3n,&nbsp;<strong>Zdero<\/strong>&nbsp;manifest\u00f3: \u00abHace pocos d\u00edas,&nbsp;<strong>en una reuni\u00f3n con productores en el sudoeste nos transmitieron este pedido que hoy lo planteamos aqu\u00ed<\/strong>, una vez m\u00e1s, porque&nbsp;<strong>estamos hablando de sectores productivos muy importantes para nuestra provincia<\/strong>, ya que abarcan en gran medida a los peque\u00f1os y medianos productores, donde nosotros focalizamos justamente nuestro mayor esfuerzo para fortalecerlos y que puedan alcanzar su desarrollo\u00bb.&nbsp;<\/p>\n\n\n\n<p>Por su parte, el ministro\u00a0<strong>Halavacs<\/strong>\u00a0dijo: \u00abPodemos entender que\u00a0<strong>el pa\u00eds est\u00e1 atravesando una nueva etapa en materia econ\u00f3mica<\/strong>\u00a0y que por eso,\u00a0<strong>se impulsan medidas muy dif\u00edciles<\/strong>, pero\u00a0<strong>no por ello vamos a desatender a quienes producen<\/strong>\u00a0y requieren un apoyo del Estado para mantenerse en pie y seguir haciendo lo que saben, que es producir\u00bb.<\/p>\n\n\n\n<p>Del encuentro tambi\u00e9n participaron el subsecretario de Fortalecimiento Productivo y Sustentable para Peque\u00f1os y Medianos Productores Agroalimentarios,\u00a0<strong>Pedro Vigneau<\/strong>\u00a0y la asesora M<strong>ar\u00eda Eugenia Barbieri<\/strong>\u00a0y t\u00e9cnicos.<\/p>\n","protected":false},"excerpt":{"rendered":"<p>El gobernador de la provincia de Chaco,\u00a0Leandro Zdero, junto al ministro de la Producci\u00f3n y el Desarrollo Econ\u00f3mico Sostenible,\u00a0Hern\u00e1n Halavacs, se reunieron este mi\u00e9rcoles en Buenos Aires con el secretario de Agricultura, Ganader\u00eda y Pesca de la Naci\u00f3n,\u00a0Fernando Vilella, a quien expusieron\u00a0su preocupaci\u00f3n y pedido para que no se aplique el nuevo incremento en las &hellip;<\/p>\n","protected":false},"author":2,"featured_media":89693,"comment_status":"open","ping_status":"open","sticky":false,"template":"","format":"standard","meta":{"_jetpack_memberships_contains_paid_content":false,"footnotes":"","jetpack_publicize_message":"","jetpack_publicize_feature_enabled":true,"jetpack_social_post_already_shared":true,"jetpack_social_options":{"image_generator_settings":{"template":"highway","default_image_id":0,"font":"","enabled":false},"version":2}},"categories":[5,14,12],"tags":[],"class_list":["post-89692","post","type-post","status-publish","format-standard","has-post-thumbnail","hentry","category-chaco","category-politica","category-ultimo"],"jetpack_publicize_connections":[],"jetpack_featured_media_url":"https:\/\/portalmovil.com.ar\/wp-content\/uploads\/2024\/01\/594022w480h320c.jpg.webp","jetpack_sharing_enabled":true,"amp_enabled":true,"_links":{"self":[{"href":"https:\/\/portalmovil.com.ar\/index.php\/wp-json\/wp\/v2\/posts\/89692","targetHints":{"allow":["GET"]}}],"collection":[{"href":"https:\/\/portalmovil.com.ar\/index.php\/wp-json\/wp\/v2\/posts"}],"about":[{"href":"https:\/\/portalmovil.com.ar\/index.php\/wp-json\/wp\/v2\/types\/post"}],"author":[{"embeddable":true,"href":"https:\/\/portalmovil.com.ar\/index.php\/wp-json\/wp\/v2\/users\/2"}],"replies":[{"embeddable":true,"href":"https:\/\/portalmovil.com.ar\/index.php\/wp-json\/wp\/v2\/comments?post=89692"}],"version-history":[{"count":1,"href":"https:\/\/portalmovil.com.ar\/index.php\/wp-json\/wp\/v2\/posts\/89692\/revisions"}],"predecessor-version":[{"id":89694,"href":"https:\/\/portalmovil.com.ar\/index.php\/wp-json\/wp\/v2\/posts\/89692\/revisions\/89694"}],"wp:featuredmedia":[{"embeddable":true,"href":"https:\/\/portalmovil.com.ar\/index.php\/wp-json\/wp\/v2\/media\/89693"}],"wp:attachment":[{"href":"https:\/\/portalmovil.com.ar\/index.php\/wp-json\/wp\/v2\/media?parent=89692"}],"wp:term":[{"taxonomy":"category","embeddable":true,"href":"https:\/\/portalmovil.com.ar\/index.php\/wp-json\/wp\/v2\/categories?post=89692"},{"taxonomy":"post_tag","embeddable":true,"href":"https:\/\/portalmovil.com.ar\/index.php\/wp-json\/wp\/v2\/tags?post=89692"}],"curies":[{"name":"wp","href":"https:\/\/api.w.org\/{rel}","templated":true}]}}