{"id":89572,"date":"2024-01-15T10:45:51","date_gmt":"2024-01-15T13:45:51","guid":{"rendered":"https:\/\/portalmovil.com.ar\/?p=89572"},"modified":"2024-01-15T10:47:14","modified_gmt":"2024-01-15T13:47:14","slug":"el-gobierno-impulsara-la-baja-de-la-edad-de-imputabilidad-a-los-14-anos","status":"publish","type":"post","link":"https:\/\/portalmovil.com.ar\/index.php\/2024\/01\/15\/el-gobierno-impulsara-la-baja-de-la-edad-de-imputabilidad-a-los-14-anos\/","title":{"rendered":"El Gobierno impulsar\u00e1 la baja de la edad de imputabilidad a los 14 a\u00f1os"},"content":{"rendered":"\n<p>El ministerio de Justicia de la Naci\u00f3n,&nbsp;<strong>Mariano C\u00faneo Libarona<\/strong>, adelant\u00f3 el domingo que<strong>&nbsp;impulsar\u00e1 un proyecto para modificar la Ley de Imputabilidad vigente en la Argentina, para que los menores puedan ser condenados a partir de los 14 a\u00f1os<\/strong>. Seg\u00fan explic\u00f3, a esa edad los chicos \u201cmuestran una personalidad que merece la atenci\u00f3n y la sanci\u00f3n\u201d eventual.<\/p>\n\n\n\n<p>En di\u00e1logo con\u00a0<em>Radio Rivadavia<\/em>, C\u00faneo Libarona defendi\u00f3 la vieja receta de la derecha como respuesta para luchar contra la inseguridad y reforz\u00f3 su idea de bajar la edad de imputabilidad a los 14 a\u00f1os,\u00a0sin reparar en el delito cometido.\u00a0En la actualidad que\u00a0un menor puede ser condenado a partir de los 16 a\u00f1os.<\/p>\n\n\n\n<p>\u201cLa edad que me gusta es a los 14 a\u00f1os, y para todos los delitos. Es la que sostienen casi los 30 proyectos que tengo arriba de mi escritorio,\u00a0que se han presentado y no han tenido acogida legislativa. Sea un hurto, robo o abuso, el chico ya demuestra una personalidad que merece atenci\u00f3n y sanci\u00f3n\u201d, explic\u00f3 el funcionario.<\/p>\n\n\n\n<p>En este sentido, el jurista enfatiz\u00f3 que procurar\u00e1 garantizar \u201cla reinserci\u00f3n social\u201d y el acceso a la educaci\u00f3n de ese \u201cmenor condenado\u201d, porque considera que, de lo contrario, el sistema penal \u201cno sirve\u201d.<\/p>\n\n\n\n<p>\u201cDividir seg\u00fan los delitos y dejar algunos sin castigo o educaci\u00f3n, que es lo que yo pretendo, carece de sentido.&nbsp;Ese chico merece cuidado, atenci\u00f3n, reeducaci\u00f3n, trabajo y formaci\u00f3n\u201d, subray\u00f3 C\u00faneo Libarona.<\/p>\n\n\n\n<p>Consultado sobre si su proyecto para bajar la edad de imputabilidad tiene puntos en com\u00fan con el que en 2019, durante la presidencia de\u00a0<strong>Mauricio Macri,<\/strong>\u00a0present\u00f3<strong>\u00a0Germ\u00e1n Garavano,<\/strong>\u00a0el ministro opt\u00f3 por dividir la imputabilidad de los menores en dos facetas para detallar su propuesta. Por un lado, manifest\u00f3 su idea de\u00a0contar con \u201cun sistema procesal distinto\u201d, al considerar que un menor no puede ser sometido a un juicio similar al de un mayor.\u00a0\u201cTiene que ser distinto el tribunal especializado, con asistencia y defensa al menor, cuidado tutelar al imputado y a la v\u00edctima, y\u00a0debe tener un sistema mucho m\u00e1s r\u00e1pido que el juicio de mayores\u201d, detall\u00f3.<\/p>\n\n\n\n<p>En esa misma l\u00ednea, continu\u00f3: \u201cPor otro lado,&nbsp;el menor no me sirve que vaya a una c\u00e1rcel donde hay capacidad para 200 chicos, pero se alojan 350. Salen peor que como entraron y despu\u00e9s pasan al r\u00e9gimen de mayores. Es espantoso\u201d.<\/p>\n\n\n\n<p>Frente a este escenario, C\u00faneo Libarona&nbsp;hizo hincapi\u00e9 \u201cen la reeducaci\u00f3n, la resocializaci\u00f3n, obligaci\u00f3n de estudio y trabajo\u201d de los chicos,&nbsp;dado que algunos \u201ctienen la posibilidad que tal vez otros no tuvieron de poder volver a reinsertarse en la sociedad adecuadamente\u201d.<\/p>\n\n\n\n<p>\u201cNo creo en la sanci\u00f3n. Tenemos que darle herramientas para poder reinsertarse en la sociedad.&nbsp;D\u00e9mosle otra oportunidad. No hagamos como con el mayor de 50 que ya tiene su personalidad formada y entra en la c\u00e1rcel as\u00ed nom\u00e1s\u201d, puntualiz\u00f3.<a href=\"https:\/\/t.me\/minutounocom\" target=\"_blank\" rel=\"noreferrer noopener\"><\/a><\/p>\n","protected":false},"excerpt":{"rendered":"<p>El ministerio de Justicia de la Naci\u00f3n,&nbsp;Mariano C\u00faneo Libarona, adelant\u00f3 el domingo que&nbsp;impulsar\u00e1 un proyecto para modificar la Ley de Imputabilidad vigente en la Argentina, para que los menores puedan ser condenados a partir de los 14 a\u00f1os. Seg\u00fan explic\u00f3, a esa edad los chicos \u201cmuestran una personalidad que merece la atenci\u00f3n y la sanci\u00f3n\u201d &hellip;<\/p>\n","protected":false},"author":2,"featured_media":89575,"comment_status":"open","ping_status":"open","sticky":false,"template":"","format":"standard","meta":{"_jetpack_memberships_contains_paid_content":false,"footnotes":"","jetpack_publicize_message":"","jetpack_publicize_feature_enabled":true,"jetpack_social_post_already_shared":true,"jetpack_social_options":{"image_generator_settings":{"template":"highway","default_image_id":0,"font":"","enabled":false},"version":2}},"categories":[639,8],"tags":[],"class_list":["post-89572","post","type-post","status-publish","format-standard","has-post-thumbnail","hentry","category-argentina","category-policiales"],"jetpack_publicize_connections":[],"jetpack_featured_media_url":"https:\/\/portalmovil.com.ar\/wp-content\/uploads\/2024\/01\/menores-detenidos.jpg","jetpack_sharing_enabled":true,"amp_enabled":true,"_links":{"self":[{"href":"https:\/\/portalmovil.com.ar\/index.php\/wp-json\/wp\/v2\/posts\/89572","targetHints":{"allow":["GET"]}}],"collection":[{"href":"https:\/\/portalmovil.com.ar\/index.php\/wp-json\/wp\/v2\/posts"}],"about":[{"href":"https:\/\/portalmovil.com.ar\/index.php\/wp-json\/wp\/v2\/types\/post"}],"author":[{"embeddable":true,"href":"https:\/\/portalmovil.com.ar\/index.php\/wp-json\/wp\/v2\/users\/2"}],"replies":[{"embeddable":true,"href":"https:\/\/portalmovil.com.ar\/index.php\/wp-json\/wp\/v2\/comments?post=89572"}],"version-history":[{"count":1,"href":"https:\/\/portalmovil.com.ar\/index.php\/wp-json\/wp\/v2\/posts\/89572\/revisions"}],"predecessor-version":[{"id":89574,"href":"https:\/\/portalmovil.com.ar\/index.php\/wp-json\/wp\/v2\/posts\/89572\/revisions\/89574"}],"wp:featuredmedia":[{"embeddable":true,"href":"https:\/\/portalmovil.com.ar\/index.php\/wp-json\/wp\/v2\/media\/89575"}],"wp:attachment":[{"href":"https:\/\/portalmovil.com.ar\/index.php\/wp-json\/wp\/v2\/media?parent=89572"}],"wp:term":[{"taxonomy":"category","embeddable":true,"href":"https:\/\/portalmovil.com.ar\/index.php\/wp-json\/wp\/v2\/categories?post=89572"},{"taxonomy":"post_tag","embeddable":true,"href":"https:\/\/portalmovil.com.ar\/index.php\/wp-json\/wp\/v2\/tags?post=89572"}],"curies":[{"name":"wp","href":"https:\/\/api.w.org\/{rel}","templated":true}]}}