{"id":89474,"date":"2024-01-12T12:23:32","date_gmt":"2024-01-12T15:23:32","guid":{"rendered":"https:\/\/portalmovil.com.ar\/?p=89474"},"modified":"2024-01-12T12:23:34","modified_gmt":"2024-01-12T15:23:34","slug":"una-nena-de-10-anos-fue-hallada-muerta-en-una-plantacion-de-maiz-su-mama-y-su-padrastro-fueron-detenidos","status":"publish","type":"post","link":"https:\/\/portalmovil.com.ar\/index.php\/2024\/01\/12\/una-nena-de-10-anos-fue-hallada-muerta-en-una-plantacion-de-maiz-su-mama-y-su-padrastro-fueron-detenidos\/","title":{"rendered":"Una nena de 10 a\u00f1os fue hallada muerta en una plantaci\u00f3n de ma\u00edz: su mam\u00e1 y su padrastro fueron detenidos"},"content":{"rendered":"\n<p>Milagros Prestes, una ni\u00f1a de 10 a\u00f1os que era intensamente buscada el jueves, fue hallada sin vida en la localidad de Colonia Aurora, Misiones. Detuvieron a la madre, de 26 a\u00f1os y el padrastro, de 30 a\u00f1os.<\/p>\n\n\n\n<p>La menor era buscada desde el jueves, cuando un vecino de la zona del paraje Kil\u00f3metro 20 dio aviso a la Comisar\u00eda sobre la desaparici\u00f3n. Cuando la polic\u00eda lleg\u00f3 al domicilio de la madre dijo que Milagros hab\u00eda salido en las primeras horas de la ma\u00f1ana del jueves a realizar unas compras, que no hab\u00eda regresado hasta el momento, pero que no era la primera vez que lo hac\u00eda.<\/p>\n\n\n\n<p>La polic\u00eda inici\u00f3 la b\u00fasqueda en distintos sectores de montes, extendi\u00e9ndose durante toda la noche y pasadas las 6 de la ma\u00f1ana de hoy hall\u00f3 el cuerpo de la menor en una plantaci\u00f3n de ma\u00edz ubicada cerca de donde resid\u00eda, pr\u00f3ximo ala ruta provincial 222.<\/p>\n\n\n\n<p>El personal de Polic\u00eda Cient\u00edfica y la Comisar\u00eda jurisdiccional trabajaron en el lugar.<\/p>\n","protected":false},"excerpt":{"rendered":"<p>Milagros Prestes, una ni\u00f1a de 10 a\u00f1os que era intensamente buscada el jueves, fue hallada sin vida en la localidad de Colonia Aurora, Misiones. Detuvieron a la madre, de 26 a\u00f1os y el padrastro, de 30 a\u00f1os. La menor era buscada desde el jueves, cuando un vecino de la zona del paraje Kil\u00f3metro 20 dio &hellip;<\/p>\n","protected":false},"author":6,"featured_media":89475,"comment_status":"open","ping_status":"open","sticky":false,"template":"","format":"standard","meta":{"_jetpack_memberships_contains_paid_content":false,"footnotes":"","jetpack_publicize_message":"","jetpack_publicize_feature_enabled":true,"jetpack_social_post_already_shared":true,"jetpack_social_options":{"image_generator_settings":{"template":"highway","default_image_id":0,"font":"","enabled":false},"version":2}},"categories":[8],"tags":[],"class_list":["post-89474","post","type-post","status-publish","format-standard","has-post-thumbnail","hentry","category-policiales"],"jetpack_publicize_connections":[],"jetpack_featured_media_url":"https:\/\/portalmovil.com.ar\/wp-content\/uploads\/2024\/01\/misiones-1.webp","jetpack_sharing_enabled":true,"amp_enabled":true,"_links":{"self":[{"href":"https:\/\/portalmovil.com.ar\/index.php\/wp-json\/wp\/v2\/posts\/89474","targetHints":{"allow":["GET"]}}],"collection":[{"href":"https:\/\/portalmovil.com.ar\/index.php\/wp-json\/wp\/v2\/posts"}],"about":[{"href":"https:\/\/portalmovil.com.ar\/index.php\/wp-json\/wp\/v2\/types\/post"}],"author":[{"embeddable":true,"href":"https:\/\/portalmovil.com.ar\/index.php\/wp-json\/wp\/v2\/users\/6"}],"replies":[{"embeddable":true,"href":"https:\/\/portalmovil.com.ar\/index.php\/wp-json\/wp\/v2\/comments?post=89474"}],"version-history":[{"count":1,"href":"https:\/\/portalmovil.com.ar\/index.php\/wp-json\/wp\/v2\/posts\/89474\/revisions"}],"predecessor-version":[{"id":89476,"href":"https:\/\/portalmovil.com.ar\/index.php\/wp-json\/wp\/v2\/posts\/89474\/revisions\/89476"}],"wp:featuredmedia":[{"embeddable":true,"href":"https:\/\/portalmovil.com.ar\/index.php\/wp-json\/wp\/v2\/media\/89475"}],"wp:attachment":[{"href":"https:\/\/portalmovil.com.ar\/index.php\/wp-json\/wp\/v2\/media?parent=89474"}],"wp:term":[{"taxonomy":"category","embeddable":true,"href":"https:\/\/portalmovil.com.ar\/index.php\/wp-json\/wp\/v2\/categories?post=89474"},{"taxonomy":"post_tag","embeddable":true,"href":"https:\/\/portalmovil.com.ar\/index.php\/wp-json\/wp\/v2\/tags?post=89474"}],"curies":[{"name":"wp","href":"https:\/\/api.w.org\/{rel}","templated":true}]}}