{"id":89331,"date":"2024-01-10T09:32:11","date_gmt":"2024-01-10T12:32:11","guid":{"rendered":"https:\/\/portalmovil.com.ar\/?p=89331"},"modified":"2024-01-10T09:32:13","modified_gmt":"2024-01-10T12:32:13","slug":"vuelven-a-funcionar-los-vuelos-sanitarios-en-chaco","status":"publish","type":"post","link":"https:\/\/portalmovil.com.ar\/index.php\/2024\/01\/10\/vuelven-a-funcionar-los-vuelos-sanitarios-en-chaco\/","title":{"rendered":"Vuelven a funcionar los vuelos sanitarios en Chaco"},"content":{"rendered":"\n<p>Desde el Aeropuerto Internacional de Resistencia, el Ministerio de Salud, en conjunto con la Secretar\u00eda General de la Gobernaci\u00f3n, llevaron a cabo tareas de control, inspecci\u00f3n y refuncionalizaci\u00f3n de las v\u00edas de aeronavegaci\u00f3n y vuelos sanitarios a trav\u00e9s del Cesna Gran Caravan 208.<\/p>\n\n\n\n<p>Los funcionarios en el Aeropuerto de Resistencia se interiorizaron del estado en el que se encuentran la Direcci\u00f3n de Emergencias M\u00e9dicas y la Direcci\u00f3n de Aeronavegaci\u00f3n, con la finalidad de volverlos funcionales a estos servicios y \u00absacarles el provecho que tanto los chaque\u00f1os necesitan, por una orden expresa del gobernador Zdero quien solicit\u00f3 dicha intervenci\u00f3n\u00bb.<\/p>\n\n\n\n<p>El Cesna Gran Caravan 208, se encuentra listo y a disposici\u00f3n del gobierno provincial, bajo la supervisi\u00f3n de la secretaria general Carolina Meiri\u00f1o, y de la poblaci\u00f3n chaque\u00f1a.<\/p>\n\n\n\n<p>Participaron de la intervenci\u00f3n, la secretaria general de la Gobernaci\u00f3n, Carolina Meiri\u00f1o, de la cartera de Salud, el ministro Sergio Rodr\u00edguez, el subsecretario de Red de Servicios de Salud, Dr. Marcelo Ojeda, el doctor Nicol\u00e1s Ivancovich y quien se encarga del buen funcionamiento de la aeronave, Gerardo Petruk, ingeniero y piloto.<\/p>\n","protected":false},"excerpt":{"rendered":"<p>Desde el Aeropuerto Internacional de Resistencia, el Ministerio de Salud, en conjunto con la Secretar\u00eda General de la Gobernaci\u00f3n, llevaron a cabo tareas de control, inspecci\u00f3n y refuncionalizaci\u00f3n de las v\u00edas de aeronavegaci\u00f3n y vuelos sanitarios a trav\u00e9s del Cesna Gran Caravan 208. Los funcionarios en el Aeropuerto de Resistencia se interiorizaron del estado en &hellip;<\/p>\n","protected":false},"author":6,"featured_media":89332,"comment_status":"open","ping_status":"open","sticky":false,"template":"","format":"standard","meta":{"_jetpack_memberships_contains_paid_content":false,"footnotes":"","jetpack_publicize_message":"","jetpack_publicize_feature_enabled":true,"jetpack_social_post_already_shared":true,"jetpack_social_options":{"image_generator_settings":{"template":"highway","default_image_id":0,"font":"","enabled":false},"version":2}},"categories":[5,46],"tags":[],"class_list":["post-89331","post","type-post","status-publish","format-standard","has-post-thumbnail","hentry","category-chaco","category-salud"],"jetpack_publicize_connections":[],"jetpack_featured_media_url":"https:\/\/portalmovil.com.ar\/wp-content\/uploads\/2024\/01\/chaco-2.webp","jetpack_sharing_enabled":true,"amp_enabled":true,"_links":{"self":[{"href":"https:\/\/portalmovil.com.ar\/index.php\/wp-json\/wp\/v2\/posts\/89331","targetHints":{"allow":["GET"]}}],"collection":[{"href":"https:\/\/portalmovil.com.ar\/index.php\/wp-json\/wp\/v2\/posts"}],"about":[{"href":"https:\/\/portalmovil.com.ar\/index.php\/wp-json\/wp\/v2\/types\/post"}],"author":[{"embeddable":true,"href":"https:\/\/portalmovil.com.ar\/index.php\/wp-json\/wp\/v2\/users\/6"}],"replies":[{"embeddable":true,"href":"https:\/\/portalmovil.com.ar\/index.php\/wp-json\/wp\/v2\/comments?post=89331"}],"version-history":[{"count":1,"href":"https:\/\/portalmovil.com.ar\/index.php\/wp-json\/wp\/v2\/posts\/89331\/revisions"}],"predecessor-version":[{"id":89333,"href":"https:\/\/portalmovil.com.ar\/index.php\/wp-json\/wp\/v2\/posts\/89331\/revisions\/89333"}],"wp:featuredmedia":[{"embeddable":true,"href":"https:\/\/portalmovil.com.ar\/index.php\/wp-json\/wp\/v2\/media\/89332"}],"wp:attachment":[{"href":"https:\/\/portalmovil.com.ar\/index.php\/wp-json\/wp\/v2\/media?parent=89331"}],"wp:term":[{"taxonomy":"category","embeddable":true,"href":"https:\/\/portalmovil.com.ar\/index.php\/wp-json\/wp\/v2\/categories?post=89331"},{"taxonomy":"post_tag","embeddable":true,"href":"https:\/\/portalmovil.com.ar\/index.php\/wp-json\/wp\/v2\/tags?post=89331"}],"curies":[{"name":"wp","href":"https:\/\/api.w.org\/{rel}","templated":true}]}}