{"id":89303,"date":"2024-01-09T10:33:00","date_gmt":"2024-01-09T13:33:00","guid":{"rendered":"https:\/\/portalmovil.com.ar\/?p=89303"},"modified":"2024-01-09T15:36:23","modified_gmt":"2024-01-09T18:36:23","slug":"fallecio-un-menor-de-12-anos-con-sintomas-posibles-de-dengue-en-quitilipi","status":"publish","type":"post","link":"https:\/\/portalmovil.com.ar\/index.php\/2024\/01\/09\/fallecio-un-menor-de-12-anos-con-sintomas-posibles-de-dengue-en-quitilipi\/","title":{"rendered":"Falleci\u00f3 un menor de 12 a\u00f1os con s\u00edntomas posibles de dengue en Quitilipi"},"content":{"rendered":"\n<p>En una lamentable noticia que conmocion\u00f3 a la comunidad de Quitilipi,\u00a0<strong>un menor de 12 a\u00f1os que ten\u00eda s\u00edntomas de dengue perdi\u00f3 la vida<\/strong>\u00a0durante la madrugada del martes en su hogar ubicado en el barrio Matadero.\u00a0<\/p>\n\n\n\n<p>El ni\u00f1o, quien viv\u00eda junto a su padre y hermano,\u00a0<strong>exhib\u00eda s\u00edntomas caracter\u00edsticos de dengue, como fiebre y v\u00f3mitos,<\/strong>\u00a0en los d\u00edas previos a su fallecimiento. Seg\u00fan relatos de enfermeros que acudieron al domicilio tras recibir la alerta,\u00a0<strong>el peque\u00f1o no hab\u00eda recibido atenci\u00f3n m\u00e9dica previa<\/strong>, ya que su padre no habr\u00eda notado signos de enfermedad.<\/p>\n\n\n\n<p>El progenitor inform\u00f3 que, pese a que el menor experiment\u00f3 fiebre durante cuatro d\u00edas,\u00a0<strong>solo le proporcion\u00f3 paracetamol,<\/strong>\u00a0notando una mejor\u00eda aparente. Sin embargo, en la madrugada del martes, el ni\u00f1o se sinti\u00f3 descompuesto. Aunque el padre consider\u00f3 llevarlo al hospital, no lo hizo por falta de movilidad y, en cuesti\u00f3n de minutos,<strong>\u00a0el menor colaps\u00f3 en su hogar sin poder recuperarse.<\/strong><\/p>\n\n\n\n<p>La noticia de la muerte del ni\u00f1o se difundi\u00f3 a trav\u00e9s de las redes sociales. Numerosos vecinos expresaron su preocupaci\u00f3n y afirmaron que hay\u00a0<strong>\u00abcientos de pacientes con esta enfermedad y no se habla nada al respecto\u00bb.\u00a0<\/strong><br>Las autoridades sanitarias locales se encuentran investigando el caso y reforzando las medidas preventivas en la zona para frenar la propagaci\u00f3n del dengue.\u00a0<\/p>\n","protected":false},"excerpt":{"rendered":"<p>En una lamentable noticia que conmocion\u00f3 a la comunidad de Quitilipi,\u00a0un menor de 12 a\u00f1os que ten\u00eda s\u00edntomas de dengue perdi\u00f3 la vida\u00a0durante la madrugada del martes en su hogar ubicado en el barrio Matadero.\u00a0 El ni\u00f1o, quien viv\u00eda junto a su padre y hermano,\u00a0exhib\u00eda s\u00edntomas caracter\u00edsticos de dengue, como fiebre y v\u00f3mitos,\u00a0en los d\u00edas &hellip;<\/p>\n","protected":false},"author":2,"featured_media":87679,"comment_status":"open","ping_status":"open","sticky":false,"template":"","format":"standard","meta":{"_jetpack_memberships_contains_paid_content":false,"footnotes":"","jetpack_publicize_message":"","jetpack_publicize_feature_enabled":true,"jetpack_social_post_already_shared":true,"jetpack_social_options":{"image_generator_settings":{"template":"highway","default_image_id":0,"font":"","enabled":false},"version":2}},"categories":[5,46,12],"tags":[],"class_list":["post-89303","post","type-post","status-publish","format-standard","has-post-thumbnail","hentry","category-chaco","category-salud","category-ultimo"],"jetpack_publicize_connections":[],"jetpack_featured_media_url":"https:\/\/portalmovil.com.ar\/wp-content\/uploads\/2023\/12\/dengue.jpg","jetpack_sharing_enabled":true,"amp_enabled":true,"_links":{"self":[{"href":"https:\/\/portalmovil.com.ar\/index.php\/wp-json\/wp\/v2\/posts\/89303","targetHints":{"allow":["GET"]}}],"collection":[{"href":"https:\/\/portalmovil.com.ar\/index.php\/wp-json\/wp\/v2\/posts"}],"about":[{"href":"https:\/\/portalmovil.com.ar\/index.php\/wp-json\/wp\/v2\/types\/post"}],"author":[{"embeddable":true,"href":"https:\/\/portalmovil.com.ar\/index.php\/wp-json\/wp\/v2\/users\/2"}],"replies":[{"embeddable":true,"href":"https:\/\/portalmovil.com.ar\/index.php\/wp-json\/wp\/v2\/comments?post=89303"}],"version-history":[{"count":1,"href":"https:\/\/portalmovil.com.ar\/index.php\/wp-json\/wp\/v2\/posts\/89303\/revisions"}],"predecessor-version":[{"id":89304,"href":"https:\/\/portalmovil.com.ar\/index.php\/wp-json\/wp\/v2\/posts\/89303\/revisions\/89304"}],"wp:featuredmedia":[{"embeddable":true,"href":"https:\/\/portalmovil.com.ar\/index.php\/wp-json\/wp\/v2\/media\/87679"}],"wp:attachment":[{"href":"https:\/\/portalmovil.com.ar\/index.php\/wp-json\/wp\/v2\/media?parent=89303"}],"wp:term":[{"taxonomy":"category","embeddable":true,"href":"https:\/\/portalmovil.com.ar\/index.php\/wp-json\/wp\/v2\/categories?post=89303"},{"taxonomy":"post_tag","embeddable":true,"href":"https:\/\/portalmovil.com.ar\/index.php\/wp-json\/wp\/v2\/tags?post=89303"}],"curies":[{"name":"wp","href":"https:\/\/api.w.org\/{rel}","templated":true}]}}