{"id":89262,"date":"2024-01-08T21:22:21","date_gmt":"2024-01-09T00:22:21","guid":{"rendered":"https:\/\/portalmovil.com.ar\/?p=89262"},"modified":"2024-01-08T21:22:24","modified_gmt":"2024-01-09T00:22:24","slug":"el-gobernador-de-santa-fe-saco-a-su-familia-de-rosario-tras-sufrir-violentas-amenazas","status":"publish","type":"post","link":"https:\/\/portalmovil.com.ar\/index.php\/2024\/01\/08\/el-gobernador-de-santa-fe-saco-a-su-familia-de-rosario-tras-sufrir-violentas-amenazas\/","title":{"rendered":"El gobernador de Santa Fe sac\u00f3 a su familia de Rosario tras sufrir violentas amenazas"},"content":{"rendered":"\n<p><strong>El gobernador de Santa fe, Maximiliano Pullaro, volvi\u00f3 a recibir una amenaza de muerte y confes\u00f3 que mud\u00f3 a su familia, que ya no vive en la ciudad. A pesar de esto, afirm\u00f3: \u00abno le vamos a permitir a los delincuentes que desde la c\u00e1rcel hagan lo que quieran\u00bb.<\/strong>&nbsp;<\/p>\n\n\n\n<p>En una conferencia de prensa, el gobernador revel\u00f3: \u00abCuando llegaba al Registro Civil, personal del Ministerio de Seguridad me inform\u00f3 sobre una nueva amenaza contra mi familia\u00bb.\u00a0<strong>\u00abEstaba dirigida hacia mi familia e hizo menci\u00f3n a algo sugestivo sobre la donaci\u00f3n de \u00f3rganos. Fue algo muy feo\u00bb<\/strong>, asegur\u00f3.<\/p>\n\n\n\n<p>\u00abLamentablemente ya estoy acostumbrado desde que comenz\u00f3 mi gesti\u00f3n, pero&nbsp;quiero ratificar el rumbo de seguir peleando contra la delincuencia en la provincia de Santa Fe y en la ciudad de Rosario\u00bb, expres\u00f3 Pullaro.<\/p>\n\n\n\n<p>Sobre su familia, el mandatario indic\u00f3: \u00ab<strong>Los primeros veinte d\u00edas dej\u00e9 a mi familia encerrada en un departamento. Vivo en un departamento peque\u00f1o, por lo cual no la pasaron bien, y ahora la saqu\u00e9 de la ciudad<\/strong>, porque no creo que tengan que andar con diez personas de custodia permanentemente porque esos recursos se los sac\u00e1s a la calle. Yo me la aguanto porque s\u00e9 en lo que me met\u00ed y en las acciones que llevamos adelante, pero no le vamos a permitir a los delincuentes que desde la c\u00e1rcel hagan lo que quieran\u00bb.<\/p>\n\n\n\n<p>Y agreg\u00f3: \u00abNo nos van a amedrentar, seguiremos trabajando en ese sentido. El Ministerio de Seguridad est\u00e1 muy compacto, muy s\u00f3lido en ese sentido\u00bb.<\/p>\n\n\n\n<p><strong>El gobernador ya hab\u00eda sido amenzado el pasado 12 de diciembre, a poco de asumir<\/strong>, a trav\u00e9s de una nota que fue dejada tras una balacera ejecutada contra un cajero autom\u00e1tico de una sucursal del banco Macro en Rosario.<\/p>\n","protected":false},"excerpt":{"rendered":"<p>El gobernador de Santa fe, Maximiliano Pullaro, volvi\u00f3 a recibir una amenaza de muerte y confes\u00f3 que mud\u00f3 a su familia, que ya no vive en la ciudad. A pesar de esto, afirm\u00f3: \u00abno le vamos a permitir a los delincuentes que desde la c\u00e1rcel hagan lo que quieran\u00bb.&nbsp; En una conferencia de prensa, el &hellip;<\/p>\n","protected":false},"author":2,"featured_media":89263,"comment_status":"open","ping_status":"open","sticky":false,"template":"","format":"standard","meta":{"_jetpack_memberships_contains_paid_content":false,"footnotes":"","jetpack_publicize_message":"","jetpack_publicize_feature_enabled":true,"jetpack_social_post_already_shared":true,"jetpack_social_options":{"image_generator_settings":{"template":"highway","default_image_id":0,"font":"","enabled":false},"version":2}},"categories":[639,14],"tags":[],"class_list":["post-89262","post","type-post","status-publish","format-standard","has-post-thumbnail","hentry","category-argentina","category-politica"],"jetpack_publicize_connections":[],"jetpack_featured_media_url":"https:\/\/portalmovil.com.ar\/wp-content\/uploads\/2024\/01\/pullaro-conferencia-2jfif.webp","jetpack_sharing_enabled":true,"amp_enabled":true,"_links":{"self":[{"href":"https:\/\/portalmovil.com.ar\/index.php\/wp-json\/wp\/v2\/posts\/89262","targetHints":{"allow":["GET"]}}],"collection":[{"href":"https:\/\/portalmovil.com.ar\/index.php\/wp-json\/wp\/v2\/posts"}],"about":[{"href":"https:\/\/portalmovil.com.ar\/index.php\/wp-json\/wp\/v2\/types\/post"}],"author":[{"embeddable":true,"href":"https:\/\/portalmovil.com.ar\/index.php\/wp-json\/wp\/v2\/users\/2"}],"replies":[{"embeddable":true,"href":"https:\/\/portalmovil.com.ar\/index.php\/wp-json\/wp\/v2\/comments?post=89262"}],"version-history":[{"count":1,"href":"https:\/\/portalmovil.com.ar\/index.php\/wp-json\/wp\/v2\/posts\/89262\/revisions"}],"predecessor-version":[{"id":89264,"href":"https:\/\/portalmovil.com.ar\/index.php\/wp-json\/wp\/v2\/posts\/89262\/revisions\/89264"}],"wp:featuredmedia":[{"embeddable":true,"href":"https:\/\/portalmovil.com.ar\/index.php\/wp-json\/wp\/v2\/media\/89263"}],"wp:attachment":[{"href":"https:\/\/portalmovil.com.ar\/index.php\/wp-json\/wp\/v2\/media?parent=89262"}],"wp:term":[{"taxonomy":"category","embeddable":true,"href":"https:\/\/portalmovil.com.ar\/index.php\/wp-json\/wp\/v2\/categories?post=89262"},{"taxonomy":"post_tag","embeddable":true,"href":"https:\/\/portalmovil.com.ar\/index.php\/wp-json\/wp\/v2\/tags?post=89262"}],"curies":[{"name":"wp","href":"https:\/\/api.w.org\/{rel}","templated":true}]}}