{"id":89026,"date":"2024-01-03T16:19:29","date_gmt":"2024-01-03T19:19:29","guid":{"rendered":"https:\/\/portalmovil.com.ar\/?p=89026"},"modified":"2024-01-03T16:19:31","modified_gmt":"2024-01-03T19:19:31","slug":"volco-un-camion-que-llevaba-naranjas-y-los-vecinos-se-quedaron-con-la-carga","status":"publish","type":"post","link":"https:\/\/portalmovil.com.ar\/index.php\/2024\/01\/03\/volco-un-camion-que-llevaba-naranjas-y-los-vecinos-se-quedaron-con-la-carga\/","title":{"rendered":"Volc\u00f3 un cami\u00f3n que llevaba naranjas y los vecinos se quedaron con la carga"},"content":{"rendered":"\n<p>Un cami\u00f3n que transportaba naranjas y mandarinas\u00a0<strong>volc\u00f3 en la Ruta 16<\/strong>\u00a0luego de que el conductor realizara una mala maniobra.\u00a0<br>\u00a0<br>Seg\u00fan informaron las fuentes policiales\u00a0<strong>el conductor se habr\u00eda quedado dormido por unos minutos<\/strong>,\u00a0<strong>perdi\u00f3 el control del veh\u00edculo y volc\u00f3<\/strong>. No hay lesionados.<\/p>\n\n\n\n<p>El hecho sucedi\u00f3 alrededor de las 6 de la ma\u00f1ana del mi\u00e9rcoles, en la rotonda de acceso a la ciudad de Saenz Pe\u00f1a, sobre Ruta 16 y calle 12.<br>\u00a0<br>La carga del cami\u00f3n qued\u00f3 desparramada en el lugar y el conductor\u00a0<strong>autoriz\u00f3 a los vecinos a llevarse la mercader\u00eda<\/strong>, ya que est\u00e1 no iba a poder ser recuperada. R\u00e1pidamente vecinos se acercaron con bolsas para llevarse algunas naranjas y mandarinas.<\/p>\n","protected":false},"excerpt":{"rendered":"<p>Un cami\u00f3n que transportaba naranjas y mandarinas\u00a0volc\u00f3 en la Ruta 16\u00a0luego de que el conductor realizara una mala maniobra.\u00a0\u00a0Seg\u00fan informaron las fuentes policiales\u00a0el conductor se habr\u00eda quedado dormido por unos minutos,\u00a0perdi\u00f3 el control del veh\u00edculo y volc\u00f3. No hay lesionados. El hecho sucedi\u00f3 alrededor de las 6 de la ma\u00f1ana del mi\u00e9rcoles, en la rotonda &hellip;<\/p>\n","protected":false},"author":2,"featured_media":89054,"comment_status":"open","ping_status":"open","sticky":false,"template":"","format":"standard","meta":{"_jetpack_memberships_contains_paid_content":false,"footnotes":"","jetpack_publicize_message":"","jetpack_publicize_feature_enabled":true,"jetpack_social_post_already_shared":true,"jetpack_social_options":{"image_generator_settings":{"template":"highway","default_image_id":0,"font":"","enabled":false},"version":2}},"categories":[5,8],"tags":[],"class_list":["post-89026","post","type-post","status-publish","format-standard","has-post-thumbnail","hentry","category-chaco","category-policiales"],"jetpack_publicize_connections":[],"jetpack_featured_media_url":"https:\/\/portalmovil.com.ar\/wp-content\/uploads\/2024\/01\/347933w440h247c.jpg.webp","jetpack_sharing_enabled":true,"amp_enabled":true,"_links":{"self":[{"href":"https:\/\/portalmovil.com.ar\/index.php\/wp-json\/wp\/v2\/posts\/89026","targetHints":{"allow":["GET"]}}],"collection":[{"href":"https:\/\/portalmovil.com.ar\/index.php\/wp-json\/wp\/v2\/posts"}],"about":[{"href":"https:\/\/portalmovil.com.ar\/index.php\/wp-json\/wp\/v2\/types\/post"}],"author":[{"embeddable":true,"href":"https:\/\/portalmovil.com.ar\/index.php\/wp-json\/wp\/v2\/users\/2"}],"replies":[{"embeddable":true,"href":"https:\/\/portalmovil.com.ar\/index.php\/wp-json\/wp\/v2\/comments?post=89026"}],"version-history":[{"count":1,"href":"https:\/\/portalmovil.com.ar\/index.php\/wp-json\/wp\/v2\/posts\/89026\/revisions"}],"predecessor-version":[{"id":89055,"href":"https:\/\/portalmovil.com.ar\/index.php\/wp-json\/wp\/v2\/posts\/89026\/revisions\/89055"}],"wp:featuredmedia":[{"embeddable":true,"href":"https:\/\/portalmovil.com.ar\/index.php\/wp-json\/wp\/v2\/media\/89054"}],"wp:attachment":[{"href":"https:\/\/portalmovil.com.ar\/index.php\/wp-json\/wp\/v2\/media?parent=89026"}],"wp:term":[{"taxonomy":"category","embeddable":true,"href":"https:\/\/portalmovil.com.ar\/index.php\/wp-json\/wp\/v2\/categories?post=89026"},{"taxonomy":"post_tag","embeddable":true,"href":"https:\/\/portalmovil.com.ar\/index.php\/wp-json\/wp\/v2\/tags?post=89026"}],"curies":[{"name":"wp","href":"https:\/\/api.w.org\/{rel}","templated":true}]}}