{"id":88885,"date":"2023-12-29T10:48:22","date_gmt":"2023-12-29T13:48:22","guid":{"rendered":"https:\/\/portalmovil.com.ar\/?p=88885"},"modified":"2023-12-29T10:48:25","modified_gmt":"2023-12-29T13:48:25","slug":"recibio-un-balazo-mientras-caminaba-investigan-si-fue-una-bala-perdida","status":"publish","type":"post","link":"https:\/\/portalmovil.com.ar\/index.php\/2023\/12\/29\/recibio-un-balazo-mientras-caminaba-investigan-si-fue-una-bala-perdida\/","title":{"rendered":"Recibi\u00f3 un balazo mientras caminaba: investigan si fue una bala perdida"},"content":{"rendered":"\n<p>El hecho tuvo lugar este jueves, cuando un hombre de 38 a\u00f1os pidi\u00f3 ayuda a los transe\u00fantes, tras percibir \u00abuna sensaci\u00f3n de quemaz\u00f3n en el gl\u00fateo y luego sangre en el pantal\u00f3n\u00bb, detall\u00f3 el oficial Nelson Ram\u00edrez del Departamento de Relaciones Institucionales de la Polic\u00eda de Corrientes.<\/p>\n\n\n\n<p>La situaci\u00f3n se registr\u00f3 en la intersecci\u00f3n de avenida Maip\u00fa y la calle Garc\u00eda Cossio de la capital correntina y \u00abpersonas que pasaban por el lugar llamaron al 911 y efectivos de la Comisar\u00eda 19 lo auxiliaron y trasladaron al hospital\u00bb, mencion\u00f3 el funcionario.<\/p>\n\n\n\n<p>\u00abLa Polic\u00eda constat\u00f3 que se trat\u00f3 de una lesi\u00f3n ocasionada por un proyectil de arma de fuego\u00bb, precis\u00f3 Ram\u00edrez y agreg\u00f3 que el hombre se recupera en el hospital Escuela \u00abGeneral San Mart\u00edn\u00bb y que su estado \u00abno reviste gravedad\u00bb.<\/p>\n\n\n\n<p>En este sentido remarc\u00f3 que el herido \u00absiempre estuvo consciente\u00bb y \u00abest\u00e1 fuera de peligro\u00bb.<\/p>\n\n\n\n<p>Por otra parte, el oficial del Departamento de Relaciones Institucionales de la Polic\u00eda de Corrientes se\u00f1al\u00f3 que se investigan las circunstancias en que se produjo el hecho y si se trat\u00f3 de una bala perdida o fue un disparo intencional.<\/p>\n\n\n\n<p>Intervienen en el hecho, por razones de jurisdicci\u00f3n, efectivos policiales de la comisar\u00eda 19na de la ciudad de Corrientes.<\/p>\n","protected":false},"excerpt":{"rendered":"<p>El hecho tuvo lugar este jueves, cuando un hombre de 38 a\u00f1os pidi\u00f3 ayuda a los transe\u00fantes, tras percibir \u00abuna sensaci\u00f3n de quemaz\u00f3n en el gl\u00fateo y luego sangre en el pantal\u00f3n\u00bb, detall\u00f3 el oficial Nelson Ram\u00edrez del Departamento de Relaciones Institucionales de la Polic\u00eda de Corrientes. La situaci\u00f3n se registr\u00f3 en la intersecci\u00f3n de &hellip;<\/p>\n","protected":false},"author":6,"featured_media":88889,"comment_status":"open","ping_status":"open","sticky":false,"template":"","format":"standard","meta":{"_jetpack_memberships_contains_paid_content":false,"footnotes":"","jetpack_publicize_message":"","jetpack_publicize_feature_enabled":true,"jetpack_social_post_already_shared":true,"jetpack_social_options":{"image_generator_settings":{"template":"highway","default_image_id":0,"font":"","enabled":false},"version":2}},"categories":[8],"tags":[],"class_list":["post-88885","post","type-post","status-publish","format-standard","has-post-thumbnail","hentry","category-policiales"],"jetpack_publicize_connections":[],"jetpack_featured_media_url":"https:\/\/portalmovil.com.ar\/wp-content\/uploads\/2023\/12\/corrientes.jpg","jetpack_sharing_enabled":true,"amp_enabled":true,"_links":{"self":[{"href":"https:\/\/portalmovil.com.ar\/index.php\/wp-json\/wp\/v2\/posts\/88885","targetHints":{"allow":["GET"]}}],"collection":[{"href":"https:\/\/portalmovil.com.ar\/index.php\/wp-json\/wp\/v2\/posts"}],"about":[{"href":"https:\/\/portalmovil.com.ar\/index.php\/wp-json\/wp\/v2\/types\/post"}],"author":[{"embeddable":true,"href":"https:\/\/portalmovil.com.ar\/index.php\/wp-json\/wp\/v2\/users\/6"}],"replies":[{"embeddable":true,"href":"https:\/\/portalmovil.com.ar\/index.php\/wp-json\/wp\/v2\/comments?post=88885"}],"version-history":[{"count":1,"href":"https:\/\/portalmovil.com.ar\/index.php\/wp-json\/wp\/v2\/posts\/88885\/revisions"}],"predecessor-version":[{"id":88890,"href":"https:\/\/portalmovil.com.ar\/index.php\/wp-json\/wp\/v2\/posts\/88885\/revisions\/88890"}],"wp:featuredmedia":[{"embeddable":true,"href":"https:\/\/portalmovil.com.ar\/index.php\/wp-json\/wp\/v2\/media\/88889"}],"wp:attachment":[{"href":"https:\/\/portalmovil.com.ar\/index.php\/wp-json\/wp\/v2\/media?parent=88885"}],"wp:term":[{"taxonomy":"category","embeddable":true,"href":"https:\/\/portalmovil.com.ar\/index.php\/wp-json\/wp\/v2\/categories?post=88885"},{"taxonomy":"post_tag","embeddable":true,"href":"https:\/\/portalmovil.com.ar\/index.php\/wp-json\/wp\/v2\/tags?post=88885"}],"curies":[{"name":"wp","href":"https:\/\/api.w.org\/{rel}","templated":true}]}}