{"id":88854,"date":"2023-12-28T18:49:10","date_gmt":"2023-12-28T21:49:10","guid":{"rendered":"https:\/\/portalmovil.com.ar\/?p=88854"},"modified":"2023-12-28T18:49:13","modified_gmt":"2023-12-28T21:49:13","slug":"toda-la-provincia-en-alerta-amarilla-por-tormentas-fuertes","status":"publish","type":"post","link":"https:\/\/portalmovil.com.ar\/index.php\/2023\/12\/28\/toda-la-provincia-en-alerta-amarilla-por-tormentas-fuertes\/","title":{"rendered":"Toda la provincia en alerta amarilla por tormentas fuertes"},"content":{"rendered":"\n<p>El Servicio Meteorol\u00f3gico Nacional (SMN), a trav\u00e9s de su sistema de alertas tempranas, emiti\u00f3 una&nbsp;<strong>advertencia meteorol\u00f3gica<\/strong>&nbsp;<strong>amarilla&nbsp;<\/strong>para la&nbsp;<strong>ma\u00f1ana de este viernes 29 de diciembre<\/strong>, en toda la provincia del Chaco.<\/p>\n\n\n\n<p>Seg\u00fan lo que indica el organismo, \u201cel \u00e1rea ser\u00e1 afectada por tormentas, algunas localmente fuertes. Las mismas estar\u00e1n acompa\u00f1adas por r\u00e1fagas intensas, fuerte actividad el\u00e9ctrica, ocasional ca\u00edda de granizo y abundante ca\u00edda de agua en cortos per\u00edodos\u201d. Se estiman valores de precipitaci\u00f3n acumulada entre 30 y 80 mil\u00edmetros, pudiendo ser superados en forma puntual.<\/p>\n\n\n\n<p>En cuanto a las temperaturas, las mismas se mantendr\u00edan entre los 25\u00b0C y los 31\u00b0C. Las tormentas ser\u00edan asiladas durante la tarde y el cielo estar\u00e1 mayormente nublado en la noche.<\/p>\n\n\n\n<h3 class=\"wp-block-heading\"><strong>Pron\u00f3stico extendido<\/strong><\/h3>\n\n\n\n<p>El&nbsp;<strong>s\u00e1bado 30,<\/strong>&nbsp;las temperaturas se mantendr\u00e1n entre los 22\u00b0C y los 32\u00b0C. El cielo estar\u00e1 mayormente nublado por la ma\u00f1ana y por la tarde, parcialmente nublado. Se esperan vientos del sector este.<\/p>\n\n\n\n<p>El&nbsp;<strong>domingo 31<\/strong>, \u00faltimo d\u00eda del a\u00f1o, las temperaturas rondar\u00e1n los 20\u00b0C de m\u00ednima y los 31\u00b0C de m\u00e1xima. El cielo estar\u00e1 parcialmente nublado durante toda la jornada, sin precipitaciones. Los vientos continuar\u00e1n del sector este.<\/p>\n","protected":false},"excerpt":{"rendered":"<p>El Servicio Meteorol\u00f3gico Nacional (SMN), a trav\u00e9s de su sistema de alertas tempranas, emiti\u00f3 una&nbsp;advertencia meteorol\u00f3gica&nbsp;amarilla&nbsp;para la&nbsp;ma\u00f1ana de este viernes 29 de diciembre, en toda la provincia del Chaco. Seg\u00fan lo que indica el organismo, \u201cel \u00e1rea ser\u00e1 afectada por tormentas, algunas localmente fuertes. Las mismas estar\u00e1n acompa\u00f1adas por r\u00e1fagas intensas, fuerte actividad el\u00e9ctrica, ocasional &hellip;<\/p>\n","protected":false},"author":2,"featured_media":60293,"comment_status":"open","ping_status":"open","sticky":false,"template":"","format":"standard","meta":{"_jetpack_memberships_contains_paid_content":false,"footnotes":"","jetpack_publicize_message":"","jetpack_publicize_feature_enabled":true,"jetpack_social_post_already_shared":true,"jetpack_social_options":{"image_generator_settings":{"template":"highway","default_image_id":0,"font":"","enabled":false},"version":2}},"categories":[28,5],"tags":[],"class_list":["post-88854","post","type-post","status-publish","format-standard","has-post-thumbnail","hentry","category-actualidad","category-chaco"],"jetpack_publicize_connections":[],"jetpack_featured_media_url":"https:\/\/portalmovil.com.ar\/wp-content\/uploads\/2022\/07\/294020895_3092604954384855_6224613688209083353_n.jpg","jetpack_sharing_enabled":true,"amp_enabled":true,"_links":{"self":[{"href":"https:\/\/portalmovil.com.ar\/index.php\/wp-json\/wp\/v2\/posts\/88854","targetHints":{"allow":["GET"]}}],"collection":[{"href":"https:\/\/portalmovil.com.ar\/index.php\/wp-json\/wp\/v2\/posts"}],"about":[{"href":"https:\/\/portalmovil.com.ar\/index.php\/wp-json\/wp\/v2\/types\/post"}],"author":[{"embeddable":true,"href":"https:\/\/portalmovil.com.ar\/index.php\/wp-json\/wp\/v2\/users\/2"}],"replies":[{"embeddable":true,"href":"https:\/\/portalmovil.com.ar\/index.php\/wp-json\/wp\/v2\/comments?post=88854"}],"version-history":[{"count":1,"href":"https:\/\/portalmovil.com.ar\/index.php\/wp-json\/wp\/v2\/posts\/88854\/revisions"}],"predecessor-version":[{"id":88855,"href":"https:\/\/portalmovil.com.ar\/index.php\/wp-json\/wp\/v2\/posts\/88854\/revisions\/88855"}],"wp:featuredmedia":[{"embeddable":true,"href":"https:\/\/portalmovil.com.ar\/index.php\/wp-json\/wp\/v2\/media\/60293"}],"wp:attachment":[{"href":"https:\/\/portalmovil.com.ar\/index.php\/wp-json\/wp\/v2\/media?parent=88854"}],"wp:term":[{"taxonomy":"category","embeddable":true,"href":"https:\/\/portalmovil.com.ar\/index.php\/wp-json\/wp\/v2\/categories?post=88854"},{"taxonomy":"post_tag","embeddable":true,"href":"https:\/\/portalmovil.com.ar\/index.php\/wp-json\/wp\/v2\/tags?post=88854"}],"curies":[{"name":"wp","href":"https:\/\/api.w.org\/{rel}","templated":true}]}}