{"id":88713,"date":"2023-12-26T15:15:18","date_gmt":"2023-12-26T18:15:18","guid":{"rendered":"https:\/\/portalmovil.com.ar\/?p=88713"},"modified":"2023-12-26T15:15:20","modified_gmt":"2023-12-26T18:15:20","slug":"varios-conductores-no-pasaron-los-tests-de-alcoholemia-durante-el-fin-de-semana-largo","status":"publish","type":"post","link":"https:\/\/portalmovil.com.ar\/index.php\/2023\/12\/26\/varios-conductores-no-pasaron-los-tests-de-alcoholemia-durante-el-fin-de-semana-largo\/","title":{"rendered":"Varios conductores no pasaron los tests de alcoholemia durante el fin de semana largo"},"content":{"rendered":"\n<p>Como parte de los operativos por las fiestas y el fin de semana largo, la Polic\u00eda Caminera despleg\u00f3 m\u00faltiples operativos en distintos puntos de la provincia, con el objetivo de mejorar la seguridad vial.<\/p>\n\n\n\n<p>En varias intervenciones, los agentes secuestraron 24 motocicletas por supuestas infracciones al C\u00f3digo de Faltas de la provincia. Adem\u00e1s, se registraron 9 accidentes de car\u00e1cter leve en todo el \u00e1mbito chaque\u00f1o. Y en toda la provincia se detectaron 272 infracciones a la Ley de Tr\u00e1nsito y 67 alcoholemias positivas.<\/p>\n\n\n\n<p>En Resistencia, los agentes recuperaron una motocicleta marca Yamaha modelo XTZ de 125 cilindradas durante el s\u00e1bado a la tarde, que contaba con pedido de secuestro por supuesto hurto a solicitud de la Comisar\u00eda Primera de la capital chaque\u00f1a.<\/p>\n\n\n\n<p>M\u00e1s tarde, en otro operativo similar, detuvieron a un hombre que era solicitado por el equipo fiscal N\u00b0 5 de la ciudad de Resistencia por supuestas amenazas en contexto de violencia de g\u00e9nero.<\/p>\n\n\n\n<p>En ambos casos, los agentes trasladaron a los hombres junto a la motocicleta hacia la comisar\u00eda jurisdiccional para seguir con las actuaciones correspondientes.<\/p>\n\n\n\n<p>El domingo recuperaron dos motocicletas, una marca Honda modelo Wave de 110 cilindradas, en la cual persist\u00eda pedido de secuestro a solicitud de la Comisar\u00eda segunda de la ciudad de Resistencia, y otra motocicleta marca Yamaha, modelo XTZ de 125 cilindradas, en la cual persist\u00eda pedido activo a solicitud de la Comisar\u00eda d\u00e9cima.&nbsp;<\/p>\n\n\n\n<p>El lunes recuperaron otro rodado marca Motomel S2, sobre el que persist\u00eda un pedido de secuestro a solicitud de la comisar\u00eda segunda desde el 20 de noviembre.&nbsp;<\/p>\n\n\n\n<p>En Makall\u00e9, efectivos del Puesto de Control intervinieron un cami\u00f3n que transportaba 25.000 kg de madera a medida y postes aserrados de quebracho colorado el viernes por la noche. Al controlar la carga, visualizaron que el cami\u00f3n tambi\u00e9n transportaba durmientes de quebracho, pero no contaba con la gu\u00eda forestal correspondiente.<\/p>\n\n\n\n<p>Los agentes dieron intervenci\u00f3n a personal de bosques, quienes dispusieron se demore a la carga hasta su arribo al lugar.<\/p>\n\n\n\n<p>Durante el lunes, un colectivo demor\u00f3 su marcha en el Puesto de control, manifestando al personal que abord\u00f3 un pasajero aparentemente armado.<\/p>\n\n\n\n<p>Por tal motivo, los efectivos tomaron los recaudos necesarios, logrando identificar a este hombre de 33 a\u00f1os oriundo de La Escondida, quien ten\u00eda en su mochila un arma de fuego fabricaci\u00f3n casera (tumbera), un arma blanca, un cartucho calibre 12\/70, un tel\u00e9fono celular y $3.500.<\/p>\n\n\n\n<p>Se dio intervenci\u00f3n a la Fiscalia N\u00b0 2, quienes dispusieron se proceda al secuestro de todos los elementos y sean trasladados junto al conductor hacia la Comisar\u00eda jurisdiccional para seguir con las diligencias correspondientes.<\/p>\n\n\n\n<p>Adem\u00e1s, en la localidad de Villa \u00c1ngela, dieron con una motocicleta marca Mondial, Modelo LD de 110 cilindradas, que presentaba adulteraciones en su motor y cuadro.<\/p>\n","protected":false},"excerpt":{"rendered":"<p>Como parte de los operativos por las fiestas y el fin de semana largo, la Polic\u00eda Caminera despleg\u00f3 m\u00faltiples operativos en distintos puntos de la provincia, con el objetivo de mejorar la seguridad vial. En varias intervenciones, los agentes secuestraron 24 motocicletas por supuestas infracciones al C\u00f3digo de Faltas de la provincia. Adem\u00e1s, se registraron &hellip;<\/p>\n","protected":false},"author":2,"featured_media":88714,"comment_status":"open","ping_status":"open","sticky":false,"template":"","format":"standard","meta":{"_jetpack_memberships_contains_paid_content":false,"footnotes":"","jetpack_publicize_message":"","jetpack_publicize_feature_enabled":true,"jetpack_social_post_already_shared":true,"jetpack_social_options":{"image_generator_settings":{"template":"highway","default_image_id":0,"font":"","enabled":false},"version":2}},"categories":[5,8],"tags":[],"class_list":["post-88713","post","type-post","status-publish","format-standard","has-post-thumbnail","hentry","category-chaco","category-policiales"],"jetpack_publicize_connections":[],"jetpack_featured_media_url":"https:\/\/portalmovil.com.ar\/wp-content\/uploads\/2023\/12\/658ac18412f42040801971.jpeg","jetpack_sharing_enabled":true,"amp_enabled":true,"_links":{"self":[{"href":"https:\/\/portalmovil.com.ar\/index.php\/wp-json\/wp\/v2\/posts\/88713","targetHints":{"allow":["GET"]}}],"collection":[{"href":"https:\/\/portalmovil.com.ar\/index.php\/wp-json\/wp\/v2\/posts"}],"about":[{"href":"https:\/\/portalmovil.com.ar\/index.php\/wp-json\/wp\/v2\/types\/post"}],"author":[{"embeddable":true,"href":"https:\/\/portalmovil.com.ar\/index.php\/wp-json\/wp\/v2\/users\/2"}],"replies":[{"embeddable":true,"href":"https:\/\/portalmovil.com.ar\/index.php\/wp-json\/wp\/v2\/comments?post=88713"}],"version-history":[{"count":1,"href":"https:\/\/portalmovil.com.ar\/index.php\/wp-json\/wp\/v2\/posts\/88713\/revisions"}],"predecessor-version":[{"id":88715,"href":"https:\/\/portalmovil.com.ar\/index.php\/wp-json\/wp\/v2\/posts\/88713\/revisions\/88715"}],"wp:featuredmedia":[{"embeddable":true,"href":"https:\/\/portalmovil.com.ar\/index.php\/wp-json\/wp\/v2\/media\/88714"}],"wp:attachment":[{"href":"https:\/\/portalmovil.com.ar\/index.php\/wp-json\/wp\/v2\/media?parent=88713"}],"wp:term":[{"taxonomy":"category","embeddable":true,"href":"https:\/\/portalmovil.com.ar\/index.php\/wp-json\/wp\/v2\/categories?post=88713"},{"taxonomy":"post_tag","embeddable":true,"href":"https:\/\/portalmovil.com.ar\/index.php\/wp-json\/wp\/v2\/tags?post=88713"}],"curies":[{"name":"wp","href":"https:\/\/api.w.org\/{rel}","templated":true}]}}