{"id":88685,"date":"2023-12-26T09:53:48","date_gmt":"2023-12-26T12:53:48","guid":{"rendered":"https:\/\/portalmovil.com.ar\/?p=88685"},"modified":"2023-12-26T09:53:50","modified_gmt":"2023-12-26T12:53:50","slug":"mato-a-su-padre-lo-descuartizo-y-lo-metio-en-una-valija","status":"publish","type":"post","link":"https:\/\/portalmovil.com.ar\/index.php\/2023\/12\/26\/mato-a-su-padre-lo-descuartizo-y-lo-metio-en-una-valija\/","title":{"rendered":"Mat\u00f3 a su padre, lo descuartiz\u00f3 y lo meti\u00f3 en una valija"},"content":{"rendered":"\n<p class=\"wp-block-paragraph\">La madrugada de Navidad tuvo un momento escalofriante, cuando, dentro de una valija, en una plaza, se encontraron partes del cuerpo de quien fuera Atilio Pachu, un hombre que ten\u00eda 83 a\u00f1os. El horror no se detuvo all\u00ed, ya que la investigaci\u00f3n policial, ayudada por las c\u00e1maras de vigilancia, pudo esclarecer el crimen r\u00e1pidamente, y encontrar la cabeza y las manos de Pachu en un congelador, en la vivienda de su hijo, un cocinero de 46 a\u00f1os.<\/p>\n\n\n\n<p class=\"wp-block-paragraph\">La valija y los restos humanos fueron encontrados minutos despu\u00e9s de las 4, en una plaza ubicada en la esquina de Rep\u00fablica Argentina y Paso de la Patria. All\u00ed, un vecino de 37 a\u00f1os, que vive a los pocos metros, sali\u00f3 de su casa y observ\u00f3 una valija negra de grandes dimensiones. La curiosidad pudo m\u00e1s que la prudencia, y el vecino abri\u00f3 la valija, y con ello, dio paso a la investigaci\u00f3n del hecho criminal m\u00e1s bizarro de los \u00faltimos tiempos en Argentina.<\/p>\n\n\n\n<p class=\"wp-block-paragraph\">Los polic\u00edas, llamados r\u00e1pidamente por el vecino, constataron que adentro de la valija, y envuelto en una s\u00e1bana con manchas de sangre,&nbsp;<strong>hab\u00eda un cad\u00e1ver mutilado.<\/strong>&nbsp;Se preserv\u00f3 la escena, y se convoc\u00f3 a los peritos de la Polic\u00eda Cient\u00edfica. La primera evidencia constatada fue que al cad\u00e1ver&nbsp;<strong>le hab\u00edan amputado la cabeza, las manos y el pie derecho.<\/strong><\/p>\n\n\n\n<p class=\"wp-block-paragraph\">Los investigaron comenzaron a analizar las im\u00e1genes de las c\u00e1maras de seguridad de los alrededores. Precisaron as\u00ed que la valija fue arrojada en la plaza alrededor de las 2.40.&nbsp;<strong>Fue relativamente sencillo reconstruir el recorrido inverso de quien traslad\u00f3 la valija, y as\u00ed arribaron hasta un domicilio de la zona, e identificar a la v\u00edctima, como Atilio Pachu.<\/strong><\/p>\n\n\n\n<p class=\"wp-block-paragraph\">Los efectivos detuvieron al hijo, un cocinero de 46 a\u00f1os,&nbsp;<strong>pues \u00e9l era el registrado en las im\u00e1genes de las c\u00e1maras de seguridad, saliendo de la vivienda con una valija con rueditas<\/strong>. En el domicilio del sospechoso se secuestr\u00f3 una cuchilla y se hallaron manchas de sangre y signos de arrastre de un cuerpo.<\/p>\n\n\n\n<p class=\"wp-block-paragraph\">Las im\u00e1genes analizadas tambi\u00e9n mostraron al sospechoso arrojar una bolsa en un cesto y si bien en un primer momento se crey\u00f3 que all\u00ed estar\u00edan los miembros faltantes,<strong>&nbsp;los investigadores encontraron la cabeza, las manos y el pie,&nbsp;ocultos en el freezer del domicilio allanado.<\/strong><\/p>\n\n\n\n<p class=\"wp-block-paragraph\">El fiscal&nbsp;<strong>Mart\u00edn Rodr\u00edguez<\/strong>, caratul\u00f3 la causa como \u00abhomicidio\u00bb y tambi\u00e9n convoc\u00f3 para la pesquisa a los detectives de la Delegaci\u00f3n Departamental de Investigaciones (DDI) de Avellaneda-Lan\u00fas y de Casos Especiales.<\/p>\n","protected":false},"excerpt":{"rendered":"<p>La madrugada de Navidad tuvo un momento escalofriante, cuando, dentro de una valija, en una plaza, se encontraron partes del cuerpo de quien fuera Atilio Pachu, un hombre que ten\u00eda 83 a\u00f1os. El horror no se detuvo all\u00ed, ya que la investigaci\u00f3n policial, ayudada por las c\u00e1maras de vigilancia, pudo esclarecer el crimen r\u00e1pidamente, y &hellip;<\/p>\n","protected":false},"author":2,"featured_media":88686,"comment_status":"open","ping_status":"open","sticky":false,"template":"","format":"standard","meta":{"_jetpack_newsletter_access":"","_jetpack_dont_email_post_to_subs":false,"_jetpack_newsletter_tier_id":0,"_jetpack_memberships_contains_paywalled_content":false,"_jetpack_feature_clip_id":0,"_jetpack_memberships_contains_paid_content":false,"footnotes":"","jetpack_publicize_message":"","jetpack_publicize_feature_enabled":true,"jetpack_social_post_already_shared":true,"jetpack_social_options":{"image_generator_settings":{"template":"highway","default_image_id":0,"font":"","enabled":false},"version":2},"jetpack_post_was_ever_published":false},"categories":[639,50],"tags":[],"class_list":["post-88685","post","type-post","status-publish","format-standard","has-post-thumbnail","hentry","category-argentina","category-judiciales"],"jetpack_publicize_connections":[],"jetpack_sharing_enabled":true,"amp_enabled":true,"jetpack_featured_media_url":"https:\/\/portalmovil.com.ar\/wp-content\/uploads\/2023\/12\/alexis-pachu-crimen-alsina-25png.webp","_links":{"self":[{"href":"https:\/\/portalmovil.com.ar\/index.php\/wp-json\/wp\/v2\/posts\/88685","targetHints":{"allow":["GET"]}}],"collection":[{"href":"https:\/\/portalmovil.com.ar\/index.php\/wp-json\/wp\/v2\/posts"}],"about":[{"href":"https:\/\/portalmovil.com.ar\/index.php\/wp-json\/wp\/v2\/types\/post"}],"author":[{"embeddable":true,"href":"https:\/\/portalmovil.com.ar\/index.php\/wp-json\/wp\/v2\/users\/2"}],"replies":[{"embeddable":true,"href":"https:\/\/portalmovil.com.ar\/index.php\/wp-json\/wp\/v2\/comments?post=88685"}],"version-history":[{"count":1,"href":"https:\/\/portalmovil.com.ar\/index.php\/wp-json\/wp\/v2\/posts\/88685\/revisions"}],"predecessor-version":[{"id":88687,"href":"https:\/\/portalmovil.com.ar\/index.php\/wp-json\/wp\/v2\/posts\/88685\/revisions\/88687"}],"wp:featuredmedia":[{"embeddable":true,"href":"https:\/\/portalmovil.com.ar\/index.php\/wp-json\/wp\/v2\/media\/88686"}],"wp:attachment":[{"href":"https:\/\/portalmovil.com.ar\/index.php\/wp-json\/wp\/v2\/media?parent=88685"}],"wp:term":[{"taxonomy":"category","embeddable":true,"href":"https:\/\/portalmovil.com.ar\/index.php\/wp-json\/wp\/v2\/categories?post=88685"},{"taxonomy":"post_tag","embeddable":true,"href":"https:\/\/portalmovil.com.ar\/index.php\/wp-json\/wp\/v2\/tags?post=88685"}],"curies":[{"name":"wp","href":"https:\/\/api.w.org\/{rel}","templated":true}]}}