{"id":88497,"date":"2023-12-20T10:26:16","date_gmt":"2023-12-20T13:26:16","guid":{"rendered":"https:\/\/portalmovil.com.ar\/?p=88497"},"modified":"2023-12-20T10:26:19","modified_gmt":"2023-12-20T13:26:19","slug":"la-plata-un-joven-de-19-anos-intento-matar-a-su-papa-con-una-pala-parrillera","status":"publish","type":"post","link":"https:\/\/portalmovil.com.ar\/index.php\/2023\/12\/20\/la-plata-un-joven-de-19-anos-intento-matar-a-su-papa-con-una-pala-parrillera\/","title":{"rendered":"La Plata: un joven de 19 a\u00f1os intent\u00f3 matar a su pap\u00e1 con una pala parrillera"},"content":{"rendered":"\n<p>El chico atac\u00f3 a su pap\u00e1 con una pala parrillera en medio de una pelea familiar. Luego de esto, el joven termin\u00f3 detenido por la polic\u00eda y acusado de tentativa de homicidio. El hecho ocurri\u00f3 en la localidad de Berisso, cerca de La Plata.<\/p>\n\n\n\n<p>Al momento en el que los efectivos de la Comisar\u00eda 1\u00b0 de Berisso llegaron al lugar, encontraron a un hombre de 52 a\u00f1os pr\u00e1cticamente inconsciente en el piso y con varios golpes en el rostro. Luego, capturaron al agresor f\u00e1cilmente. El hijo de la v\u00edctima, identificado como Gabriel A., estaba esperando a la polic\u00eda en la puerta de la casa.<\/p>\n\n\n\n<p>El testigo que llam\u00f3 a la polic\u00eda explic\u00f3 que el chico comenz\u00f3 a discutir con su pap\u00e1 esa misma noche y se fue. Al rato volvi\u00f3 por el fondo de la casa, agarr\u00f3 una pala de la parrilla que se usa para juntar las cenizas, y lo golpe\u00f3 en la nuca. El hombre finalmente qued\u00f3 desvanecido debido a la gran cantidad de golpes que recibi\u00f3.<\/p>\n","protected":false},"excerpt":{"rendered":"<p>El chico atac\u00f3 a su pap\u00e1 con una pala parrillera en medio de una pelea familiar. Luego de esto, el joven termin\u00f3 detenido por la polic\u00eda y acusado de tentativa de homicidio. El hecho ocurri\u00f3 en la localidad de Berisso, cerca de La Plata. Al momento en el que los efectivos de la Comisar\u00eda 1\u00b0 &hellip;<\/p>\n","protected":false},"author":6,"featured_media":88498,"comment_status":"open","ping_status":"open","sticky":false,"template":"","format":"standard","meta":{"_jetpack_memberships_contains_paid_content":false,"footnotes":"","jetpack_publicize_message":"","jetpack_publicize_feature_enabled":true,"jetpack_social_post_already_shared":true,"jetpack_social_options":{"image_generator_settings":{"template":"highway","default_image_id":0,"font":"","enabled":false},"version":2}},"categories":[8],"tags":[],"class_list":["post-88497","post","type-post","status-publish","format-standard","has-post-thumbnail","hentry","category-policiales"],"jetpack_publicize_connections":[],"jetpack_featured_media_url":"https:\/\/portalmovil.com.ar\/wp-content\/uploads\/2023\/12\/la-plata-1.jpg","jetpack_sharing_enabled":true,"amp_enabled":true,"_links":{"self":[{"href":"https:\/\/portalmovil.com.ar\/index.php\/wp-json\/wp\/v2\/posts\/88497","targetHints":{"allow":["GET"]}}],"collection":[{"href":"https:\/\/portalmovil.com.ar\/index.php\/wp-json\/wp\/v2\/posts"}],"about":[{"href":"https:\/\/portalmovil.com.ar\/index.php\/wp-json\/wp\/v2\/types\/post"}],"author":[{"embeddable":true,"href":"https:\/\/portalmovil.com.ar\/index.php\/wp-json\/wp\/v2\/users\/6"}],"replies":[{"embeddable":true,"href":"https:\/\/portalmovil.com.ar\/index.php\/wp-json\/wp\/v2\/comments?post=88497"}],"version-history":[{"count":1,"href":"https:\/\/portalmovil.com.ar\/index.php\/wp-json\/wp\/v2\/posts\/88497\/revisions"}],"predecessor-version":[{"id":88499,"href":"https:\/\/portalmovil.com.ar\/index.php\/wp-json\/wp\/v2\/posts\/88497\/revisions\/88499"}],"wp:featuredmedia":[{"embeddable":true,"href":"https:\/\/portalmovil.com.ar\/index.php\/wp-json\/wp\/v2\/media\/88498"}],"wp:attachment":[{"href":"https:\/\/portalmovil.com.ar\/index.php\/wp-json\/wp\/v2\/media?parent=88497"}],"wp:term":[{"taxonomy":"category","embeddable":true,"href":"https:\/\/portalmovil.com.ar\/index.php\/wp-json\/wp\/v2\/categories?post=88497"},{"taxonomy":"post_tag","embeddable":true,"href":"https:\/\/portalmovil.com.ar\/index.php\/wp-json\/wp\/v2\/tags?post=88497"}],"curies":[{"name":"wp","href":"https:\/\/api.w.org\/{rel}","templated":true}]}}