{"id":88469,"date":"2023-12-19T21:46:42","date_gmt":"2023-12-20T00:46:42","guid":{"rendered":"https:\/\/portalmovil.com.ar\/?p=88469"},"modified":"2023-12-19T21:46:44","modified_gmt":"2023-12-20T00:46:44","slug":"gomez-y-meirino-juraron-como-miembros-del-consejo-de-la-magistratura","status":"publish","type":"post","link":"https:\/\/portalmovil.com.ar\/index.php\/2023\/12\/19\/gomez-y-meirino-juraron-como-miembros-del-consejo-de-la-magistratura\/","title":{"rendered":"G\u00f3mez y Meiri\u00f1o juraron como miembros del Consejo de la Magistratura"},"content":{"rendered":"\n<p>El ministro Jorge G\u00f3mez realiz\u00f3 el juramento en calidad de miembro titular del Consejo de la Magistratura y Jurado de Enjuiciamiento. <\/p>\n\n\n\n<p>Adem\u00e1s, la secretaria general de la gobernaci\u00f3n, Carolina Meiri\u00f1o, jur\u00f3 como miembro suplente de la instituci\u00f3n por parte del Poder Ejecutivo<\/p>\n","protected":false},"excerpt":{"rendered":"<p>El ministro Jorge G\u00f3mez realiz\u00f3 el juramento en calidad de miembro titular del Consejo de la Magistratura y Jurado de Enjuiciamiento. Adem\u00e1s, la secretaria general de la gobernaci\u00f3n, Carolina Meiri\u00f1o, jur\u00f3 como miembro suplente de la instituci\u00f3n por parte del Poder Ejecutivo<\/p>\n","protected":false},"author":2,"featured_media":88470,"comment_status":"open","ping_status":"open","sticky":false,"template":"","format":"standard","meta":{"_jetpack_memberships_contains_paid_content":false,"footnotes":"","jetpack_publicize_message":"","jetpack_publicize_feature_enabled":true,"jetpack_social_post_already_shared":true,"jetpack_social_options":{"image_generator_settings":{"template":"highway","default_image_id":0,"font":"","enabled":false},"version":2}},"categories":[5,14],"tags":[],"class_list":["post-88469","post","type-post","status-publish","format-standard","has-post-thumbnail","hentry","category-chaco","category-politica"],"jetpack_publicize_connections":[],"jetpack_featured_media_url":"https:\/\/portalmovil.com.ar\/wp-content\/uploads\/2023\/12\/65821e2279615019960482.jpg","jetpack_sharing_enabled":true,"amp_enabled":true,"_links":{"self":[{"href":"https:\/\/portalmovil.com.ar\/index.php\/wp-json\/wp\/v2\/posts\/88469","targetHints":{"allow":["GET"]}}],"collection":[{"href":"https:\/\/portalmovil.com.ar\/index.php\/wp-json\/wp\/v2\/posts"}],"about":[{"href":"https:\/\/portalmovil.com.ar\/index.php\/wp-json\/wp\/v2\/types\/post"}],"author":[{"embeddable":true,"href":"https:\/\/portalmovil.com.ar\/index.php\/wp-json\/wp\/v2\/users\/2"}],"replies":[{"embeddable":true,"href":"https:\/\/portalmovil.com.ar\/index.php\/wp-json\/wp\/v2\/comments?post=88469"}],"version-history":[{"count":1,"href":"https:\/\/portalmovil.com.ar\/index.php\/wp-json\/wp\/v2\/posts\/88469\/revisions"}],"predecessor-version":[{"id":88471,"href":"https:\/\/portalmovil.com.ar\/index.php\/wp-json\/wp\/v2\/posts\/88469\/revisions\/88471"}],"wp:featuredmedia":[{"embeddable":true,"href":"https:\/\/portalmovil.com.ar\/index.php\/wp-json\/wp\/v2\/media\/88470"}],"wp:attachment":[{"href":"https:\/\/portalmovil.com.ar\/index.php\/wp-json\/wp\/v2\/media?parent=88469"}],"wp:term":[{"taxonomy":"category","embeddable":true,"href":"https:\/\/portalmovil.com.ar\/index.php\/wp-json\/wp\/v2\/categories?post=88469"},{"taxonomy":"post_tag","embeddable":true,"href":"https:\/\/portalmovil.com.ar\/index.php\/wp-json\/wp\/v2\/tags?post=88469"}],"curies":[{"name":"wp","href":"https:\/\/api.w.org\/{rel}","templated":true}]}}