{"id":88349,"date":"2023-12-18T09:37:57","date_gmt":"2023-12-18T12:37:57","guid":{"rendered":"https:\/\/portalmovil.com.ar\/?p=88349"},"modified":"2023-12-18T09:38:01","modified_gmt":"2023-12-18T12:38:01","slug":"detuvieron-a-un-hombre-por-robar-en-un-supermercado","status":"publish","type":"post","link":"https:\/\/portalmovil.com.ar\/index.php\/2023\/12\/18\/detuvieron-a-un-hombre-por-robar-en-un-supermercado\/","title":{"rendered":"Detuvieron a un hombre por robar en un supermercado"},"content":{"rendered":"\n<p>La Polic\u00eda del Chaco inform\u00f3 que durante horas de la tarde de este domingo, los efectivos de la Comisaria Segunda fueron informados sobre un robo en avenida Avalos y avenida Lavalle.<\/p>\n\n\n\n<p>R\u00e1pidamente, concurrieron al lugar del hecho, donde pudieron demorar al hombre quien habr\u00eda sustra\u00eddo elementos de un supermercado.<\/p>\n\n\n\n<p>Finalmente, el detenido fue trasladado a la dependencia policial, junto a los bienes secuestrados.<\/p>\n","protected":false},"excerpt":{"rendered":"<p>La Polic\u00eda del Chaco inform\u00f3 que durante horas de la tarde de este domingo, los efectivos de la Comisaria Segunda fueron informados sobre un robo en avenida Avalos y avenida Lavalle. R\u00e1pidamente, concurrieron al lugar del hecho, donde pudieron demorar al hombre quien habr\u00eda sustra\u00eddo elementos de un supermercado. Finalmente, el detenido fue trasladado a &hellip;<\/p>\n","protected":false},"author":6,"featured_media":88350,"comment_status":"open","ping_status":"open","sticky":false,"template":"","format":"standard","meta":{"_jetpack_memberships_contains_paid_content":false,"footnotes":"","jetpack_publicize_message":"","jetpack_publicize_feature_enabled":true,"jetpack_social_post_already_shared":true,"jetpack_social_options":{"image_generator_settings":{"template":"highway","default_image_id":0,"font":"","enabled":false},"version":2}},"categories":[8,37],"tags":[],"class_list":["post-88349","post","type-post","status-publish","format-standard","has-post-thumbnail","hentry","category-policiales","category-resistencia"],"jetpack_publicize_connections":[],"jetpack_featured_media_url":"https:\/\/portalmovil.com.ar\/wp-content\/uploads\/2023\/12\/resitencia.jpeg","jetpack_sharing_enabled":true,"amp_enabled":true,"_links":{"self":[{"href":"https:\/\/portalmovil.com.ar\/index.php\/wp-json\/wp\/v2\/posts\/88349","targetHints":{"allow":["GET"]}}],"collection":[{"href":"https:\/\/portalmovil.com.ar\/index.php\/wp-json\/wp\/v2\/posts"}],"about":[{"href":"https:\/\/portalmovil.com.ar\/index.php\/wp-json\/wp\/v2\/types\/post"}],"author":[{"embeddable":true,"href":"https:\/\/portalmovil.com.ar\/index.php\/wp-json\/wp\/v2\/users\/6"}],"replies":[{"embeddable":true,"href":"https:\/\/portalmovil.com.ar\/index.php\/wp-json\/wp\/v2\/comments?post=88349"}],"version-history":[{"count":1,"href":"https:\/\/portalmovil.com.ar\/index.php\/wp-json\/wp\/v2\/posts\/88349\/revisions"}],"predecessor-version":[{"id":88351,"href":"https:\/\/portalmovil.com.ar\/index.php\/wp-json\/wp\/v2\/posts\/88349\/revisions\/88351"}],"wp:featuredmedia":[{"embeddable":true,"href":"https:\/\/portalmovil.com.ar\/index.php\/wp-json\/wp\/v2\/media\/88350"}],"wp:attachment":[{"href":"https:\/\/portalmovil.com.ar\/index.php\/wp-json\/wp\/v2\/media?parent=88349"}],"wp:term":[{"taxonomy":"category","embeddable":true,"href":"https:\/\/portalmovil.com.ar\/index.php\/wp-json\/wp\/v2\/categories?post=88349"},{"taxonomy":"post_tag","embeddable":true,"href":"https:\/\/portalmovil.com.ar\/index.php\/wp-json\/wp\/v2\/tags?post=88349"}],"curies":[{"name":"wp","href":"https:\/\/api.w.org\/{rel}","templated":true}]}}