{"id":88288,"date":"2023-12-16T12:57:15","date_gmt":"2023-12-16T15:57:15","guid":{"rendered":"https:\/\/portalmovil.com.ar\/?p=88288"},"modified":"2023-12-16T12:57:17","modified_gmt":"2023-12-16T15:57:17","slug":"bullrich-advierte-a-los-piqueteros-quedense-en-sus-casas","status":"publish","type":"post","link":"https:\/\/portalmovil.com.ar\/index.php\/2023\/12\/16\/bullrich-advierte-a-los-piqueteros-quedense-en-sus-casas\/","title":{"rendered":"Bullrich advierte a los piqueteros: \u201cQu\u00e9dense en sus casas\u201d"},"content":{"rendered":"\n<p>A d\u00edas de la primera manifestaci\u00f3n piquetera del 20 de diciembre, la ministra de Seguridad de la Naci\u00f3n&nbsp;Patricia Bullrich&nbsp;envi\u00f3 un mensaje contundente a las organizaciones sociales y volvi\u00f3 a remarcar que aquel que corta la calle \u201cno cobra el plan\u201d.<\/p>\n\n\n\n<p><strong>\u201cLa Argentina hace 30 a\u00f1os vive en un total desorden. No se respeta la ley, es un adorno. La ley y el orden genera libertad y la libertad genera progreso. Los piquetes son algo que da\u00f1a a la econom\u00eda y a las familias\u201d<\/strong>, subray\u00f3 la funcionaria.<\/p>\n\n\n\n<p>En ese sentido, la referente del PRO defendi\u00f3 su plan anti-piquete, anunciado el pasado jueves:&nbsp;\u201cLo que hicimos con este protocolo es para ordenar lo que puede pasarle a la gente si cortan la calle. Podr\u00edamos no haberlo hecho. No pueden cortar la calle. Afecta la vida de millones de argentinos\u201d.Tras los dardos de campa\u00f1a, Melconian apoy\u00f3 a Milei:&nbsp;<strong>\u00abNo tiene nada que ver con el desastre que encontr\u00f3\u00bb.\u201cAhora es un basta. El Presidente (Milei) lo dijo clarito en su asunci\u00f3n. El que corta no cobra el plan. Lo que estamos buscando es orden\u201d, agreg\u00f3.<\/strong><\/p>\n\n\n\n<p>En declaraciones radiales, Bullrich pidi\u00f3:&nbsp;\u201cEstamos en un momento dif\u00edcil del pa\u00eds. Necesitamos que todos colaboren. Qu\u00e9dense en su casa\u201d. \u201cLas organizaciones que manejan a la gente como ganado, se van a terminar\u201d, cerr\u00f3 la excandidata presidencial.<\/p>\n\n\n\n<p>Bullrich se\u00f1al\u00f3 que los manifestantes que se movilicen el pr\u00f3ximo mi\u00e9rcoles \u00abno pueden cortar la calle\u00bb y se\u00f1al\u00f3 que el nuevo protocolo anunciado esta semana prev\u00e9 que \u00abel que corta la calle no cobra el plan\u00bb social.<\/p>\n\n\n\n<p>\u00abEl primer d\u00eda va a ser dif\u00edcil, pero se va a hacer. \u00abEstamos decididos a hacer respetar la ley y el orden, generan libertad y la libertad genera progreso. Lo \u00fanico que hemos hecho con este protocolo es justamente ordenar y que las personas sepan qu\u00e9 consecuencias van a tener si cortan la calle\u00bb, afirm\u00f3.<\/p>\n\n\n\n<p>Bullrich advirti\u00f3 que quienes se movilicen el mi\u00e9rcoles -en conmemoraci\u00f3n de la protesta social del 20 y 21 de diciembre del 2001- \u00abno pueden cortar la calle\u00bb y se\u00f1al\u00f3 que \u00abel que corta la calle no cobra el plan\u00bb.<br><br><strong>\u00abEl Presidente de la Naci\u00f3n (Javier Milei) lo dijo clarito el d\u00eda de la asunci\u00f3n, el que corta no cobra el plan. El que no corta va a cobrar el plan, es una situaci\u00f3n en la que lo que se busca es orden<\/strong>\u00ab, sostuvo.<\/p>\n","protected":false},"excerpt":{"rendered":"<p>A d\u00edas de la primera manifestaci\u00f3n piquetera del 20 de diciembre, la ministra de Seguridad de la Naci\u00f3n&nbsp;Patricia Bullrich&nbsp;envi\u00f3 un mensaje contundente a las organizaciones sociales y volvi\u00f3 a remarcar que aquel que corta la calle \u201cno cobra el plan\u201d. \u201cLa Argentina hace 30 a\u00f1os vive en un total desorden. No se respeta la ley, &hellip;<\/p>\n","protected":false},"author":2,"featured_media":88289,"comment_status":"open","ping_status":"open","sticky":false,"template":"","format":"standard","meta":{"_jetpack_memberships_contains_paid_content":false,"footnotes":"","jetpack_publicize_message":"","jetpack_publicize_feature_enabled":true,"jetpack_social_post_already_shared":true,"jetpack_social_options":{"image_generator_settings":{"template":"highway","default_image_id":0,"font":"","enabled":false},"version":2}},"categories":[639,14],"tags":[],"class_list":["post-88288","post","type-post","status-publish","format-standard","has-post-thumbnail","hentry","category-argentina","category-politica"],"jetpack_publicize_connections":[],"jetpack_featured_media_url":"https:\/\/portalmovil.com.ar\/wp-content\/uploads\/2023\/12\/20220710poloobreromarchacedocg-1384244.jpg","jetpack_sharing_enabled":true,"amp_enabled":true,"_links":{"self":[{"href":"https:\/\/portalmovil.com.ar\/index.php\/wp-json\/wp\/v2\/posts\/88288","targetHints":{"allow":["GET"]}}],"collection":[{"href":"https:\/\/portalmovil.com.ar\/index.php\/wp-json\/wp\/v2\/posts"}],"about":[{"href":"https:\/\/portalmovil.com.ar\/index.php\/wp-json\/wp\/v2\/types\/post"}],"author":[{"embeddable":true,"href":"https:\/\/portalmovil.com.ar\/index.php\/wp-json\/wp\/v2\/users\/2"}],"replies":[{"embeddable":true,"href":"https:\/\/portalmovil.com.ar\/index.php\/wp-json\/wp\/v2\/comments?post=88288"}],"version-history":[{"count":1,"href":"https:\/\/portalmovil.com.ar\/index.php\/wp-json\/wp\/v2\/posts\/88288\/revisions"}],"predecessor-version":[{"id":88290,"href":"https:\/\/portalmovil.com.ar\/index.php\/wp-json\/wp\/v2\/posts\/88288\/revisions\/88290"}],"wp:featuredmedia":[{"embeddable":true,"href":"https:\/\/portalmovil.com.ar\/index.php\/wp-json\/wp\/v2\/media\/88289"}],"wp:attachment":[{"href":"https:\/\/portalmovil.com.ar\/index.php\/wp-json\/wp\/v2\/media?parent=88288"}],"wp:term":[{"taxonomy":"category","embeddable":true,"href":"https:\/\/portalmovil.com.ar\/index.php\/wp-json\/wp\/v2\/categories?post=88288"},{"taxonomy":"post_tag","embeddable":true,"href":"https:\/\/portalmovil.com.ar\/index.php\/wp-json\/wp\/v2\/tags?post=88288"}],"curies":[{"name":"wp","href":"https:\/\/api.w.org\/{rel}","templated":true}]}}