{"id":88217,"date":"2023-12-15T09:29:53","date_gmt":"2023-12-15T12:29:53","guid":{"rendered":"https:\/\/portalmovil.com.ar\/?p=88217"},"modified":"2023-12-15T09:29:56","modified_gmt":"2023-12-15T12:29:56","slug":"desaparecio-en-resistencia-y-lo-encontraron-muerto-en-vilelas-tenia-22-anos","status":"publish","type":"post","link":"https:\/\/portalmovil.com.ar\/index.php\/2023\/12\/15\/desaparecio-en-resistencia-y-lo-encontraron-muerto-en-vilelas-tenia-22-anos\/","title":{"rendered":"Desapareci\u00f3 en Resistencia y lo encontraron muerto en Vilelas: ten\u00eda 22 a\u00f1os"},"content":{"rendered":"\n<p>Fausto Exequiel Esquivel de 22 a\u00f1os fue denunciado como desaparecido por su padre este jueves, quien afirm\u00f3 haberlo visto por \u00faltima vez el pasado mi\u00e9rcoles 13 de diciembre al mediod\u00eda, saliendo de su casa en el barrio Espa\u00f1a de Resistencia.<\/p>\n\n\n\n<p>Conforme lo dispuesto por la Fiscal\u00eda en turno, se activ\u00f3 el Protocolo de B\u00fasqueda de Personas Desaparecidas y Extraviadas.<\/p>\n\n\n\n<p>Sin embargo, la b\u00fasqueda tuvo el peor final luego de que un vecino de la localidad de Puerto Vilelas denunciara en la tarde de ayer el hallazgo de un cuerpo en el Paraje Tres Bocas.<\/p>\n\n\n\n<p>Pasadas las 19:00 horas, un llamado al 911 alert\u00f3 a los agentes sobre una persona sin vida, al lado de una motocicleta de alta cilindrada. En el lugar, el personal policial constat\u00f3 lo informado y se hizo presente el M\u00e9dico policial y el personal del Gabinete Cient\u00edfico.<\/p>\n\n\n\n<p>All\u00ed, estableci\u00f3 que podr\u00eda tratarse de Fausto Exequiel Esquivel y, seg\u00fan lo dispuesto por la doctora Candela Valdez, se instruyeron actuaciones judiciales por \u00abSupuesto Suicidio\u00bb.<\/p>\n\n\n\n<p>En tanto, el cuerpo fue trasladado por el personal de Bomberos en m\u00f3vil Tanatol\u00f3gico hacia las instalaciones del IMCIF para la correspondiente autopsia.<\/p>\n","protected":false},"excerpt":{"rendered":"<p>Fausto Exequiel Esquivel de 22 a\u00f1os fue denunciado como desaparecido por su padre este jueves, quien afirm\u00f3 haberlo visto por \u00faltima vez el pasado mi\u00e9rcoles 13 de diciembre al mediod\u00eda, saliendo de su casa en el barrio Espa\u00f1a de Resistencia. Conforme lo dispuesto por la Fiscal\u00eda en turno, se activ\u00f3 el Protocolo de B\u00fasqueda de &hellip;<\/p>\n","protected":false},"author":6,"featured_media":88223,"comment_status":"open","ping_status":"open","sticky":false,"template":"","format":"standard","meta":{"_jetpack_memberships_contains_paid_content":false,"footnotes":"","jetpack_publicize_message":"","jetpack_publicize_feature_enabled":true,"jetpack_social_post_already_shared":true,"jetpack_social_options":{"image_generator_settings":{"template":"highway","default_image_id":0,"font":"","enabled":false},"version":2}},"categories":[8,37],"tags":[],"class_list":["post-88217","post","type-post","status-publish","format-standard","has-post-thumbnail","hentry","category-policiales","category-resistencia"],"jetpack_publicize_connections":[],"jetpack_featured_media_url":"https:\/\/portalmovil.com.ar\/wp-content\/uploads\/2023\/12\/resistencia-7.webp","jetpack_sharing_enabled":true,"amp_enabled":true,"_links":{"self":[{"href":"https:\/\/portalmovil.com.ar\/index.php\/wp-json\/wp\/v2\/posts\/88217","targetHints":{"allow":["GET"]}}],"collection":[{"href":"https:\/\/portalmovil.com.ar\/index.php\/wp-json\/wp\/v2\/posts"}],"about":[{"href":"https:\/\/portalmovil.com.ar\/index.php\/wp-json\/wp\/v2\/types\/post"}],"author":[{"embeddable":true,"href":"https:\/\/portalmovil.com.ar\/index.php\/wp-json\/wp\/v2\/users\/6"}],"replies":[{"embeddable":true,"href":"https:\/\/portalmovil.com.ar\/index.php\/wp-json\/wp\/v2\/comments?post=88217"}],"version-history":[{"count":1,"href":"https:\/\/portalmovil.com.ar\/index.php\/wp-json\/wp\/v2\/posts\/88217\/revisions"}],"predecessor-version":[{"id":88224,"href":"https:\/\/portalmovil.com.ar\/index.php\/wp-json\/wp\/v2\/posts\/88217\/revisions\/88224"}],"wp:featuredmedia":[{"embeddable":true,"href":"https:\/\/portalmovil.com.ar\/index.php\/wp-json\/wp\/v2\/media\/88223"}],"wp:attachment":[{"href":"https:\/\/portalmovil.com.ar\/index.php\/wp-json\/wp\/v2\/media?parent=88217"}],"wp:term":[{"taxonomy":"category","embeddable":true,"href":"https:\/\/portalmovil.com.ar\/index.php\/wp-json\/wp\/v2\/categories?post=88217"},{"taxonomy":"post_tag","embeddable":true,"href":"https:\/\/portalmovil.com.ar\/index.php\/wp-json\/wp\/v2\/tags?post=88217"}],"curies":[{"name":"wp","href":"https:\/\/api.w.org\/{rel}","templated":true}]}}