{"id":8796,"date":"2020-07-06T18:49:36","date_gmt":"2020-07-06T21:49:36","guid":{"rendered":"http:\/\/portalmovil.com.ar\/?p=8796"},"modified":"2020-07-06T18:49:39","modified_gmt":"2020-07-06T21:49:39","slug":"tercer-ife-cafiero-hablo-sobre-las-zonas-en-las-que-se-pagara","status":"publish","type":"post","link":"https:\/\/portalmovil.com.ar\/index.php\/2020\/07\/06\/tercer-ife-cafiero-hablo-sobre-las-zonas-en-las-que-se-pagara\/","title":{"rendered":"Tercer IFE: Cafiero habl\u00f3 sobre las \u00abzonas\u00bb en las que se pagar\u00e1"},"content":{"rendered":"\n<p>Santiago Cafiero, actual jefe de Gabinete, habl\u00f3 sobre el tercer\u00a0pago del\u00a0IFE, Ingreso Familiar de Emergencia. \u00c9l asegur\u00f3 hoy que \u201ctodav\u00eda no est\u00e1n demarcadas las zonas\u201d del pa\u00eds en las que sus habitantes no registrados en la econom\u00eda recibir\u00e1n el nuevo bono.<\/p>\n\n\n\n<p>En una entrevista radial, Cafiero dijo: \u201cTodav\u00eda no est\u00e1n demarcadas las zonas, lo que se plante\u00f3 es que sean para las zonas donde hay circulaci\u00f3n comunitaria sostenida en el tiempo\u201d, el tercer pago del\u00a0IFE\u00a0fue anunciado por el presidente en la pr\u00f3rroga de la cuarentena estricta hasta el pr\u00f3ximo 17 de julio.<\/p>\n\n\n\n<p>Adem\u00e1s, el Jefe de Gabinete asegur\u00f3 que: \u201cSe hizo un estudio epidemiol\u00f3gico en el que han aparecido focos de contagio en distintas provincias y en distintos lugares y la idea es que la ayuda estatal llegue a los lugares donde no se han podido reanudar actividades econ\u00f3micas\u201d.<\/p>\n\n\n\n<p>Seg\u00fan hab\u00eda comunicado el propio Alberto Fern\u00e1ndez, las zonas que se encuentran con aislamiento obligatorio estricto se\u00a0volver\u00eda a pagar el\u00a0IFE, por tercera vez. El presidente hab\u00eda detallado que ser\u00edan en el \u00c1rea Metropolitana de Buenos Aires (AMBA), lo cual corresponde a la ciudad de Buenos Aires y el conurbano bonaerense. Adem\u00e1s de Resistencia, Chaco, General Roca, R\u00edo Negro; y Neuqu\u00e9n.<\/p>\n\n\n\n<p>Cabe destacar que el\u00a0IFE\u00a0se cre\u00f3 con la intenci\u00f3n de poder reducir lo m\u00e1ximo posible los efectos econ\u00f3micos de la poblaci\u00f3n, Los dos pagos anteriores fueron a parar a alrededor de 9 millones de personas que no se encontraban registradas en la econom\u00eda formal.<\/p>\n\n\n\n<p>Con respecto a la salida econ\u00f3mica en la pospandemia, Cafiero asegur\u00f3 que desde el Gobierno creen en \u201cuna fuerte participaci\u00f3n p\u00fablica, pero tambi\u00e9n en la inversi\u00f3n privada\u201d. Y agreg\u00f3 que \u201cTodo el espacio pol\u00edtico quiere construir un modelo de desarrollo productivo y dejar un modelo de especulaci\u00f3n financiera\u201d.<\/p>\n","protected":false},"excerpt":{"rendered":"<p>Santiago Cafiero, actual jefe de Gabinete, habl\u00f3 sobre el tercer\u00a0pago del\u00a0IFE, Ingreso Familiar de Emergencia. \u00c9l asegur\u00f3 hoy que \u201ctodav\u00eda no est\u00e1n demarcadas las zonas\u201d del pa\u00eds en las que sus habitantes no registrados en la econom\u00eda recibir\u00e1n el nuevo bono. En una entrevista radial, Cafiero dijo: \u201cTodav\u00eda no est\u00e1n demarcadas las zonas, lo que &hellip;<\/p>\n","protected":false},"author":2,"featured_media":8797,"comment_status":"open","ping_status":"open","sticky":false,"template":"","format":"standard","meta":{"_jetpack_memberships_contains_paid_content":false,"footnotes":"","jetpack_publicize_message":"","jetpack_publicize_feature_enabled":true,"jetpack_social_post_already_shared":true,"jetpack_social_options":{"image_generator_settings":{"template":"highway","default_image_id":0,"font":"","enabled":false},"version":2}},"categories":[175],"tags":[],"class_list":["post-8796","post","type-post","status-publish","format-standard","has-post-thumbnail","hentry","category-economia"],"jetpack_publicize_connections":[],"jetpack_featured_media_url":"https:\/\/portalmovil.com.ar\/wp-content\/uploads\/2020\/07\/IFE_234_1592235852_1593520938_1594036005.jpg","jetpack_sharing_enabled":true,"amp_enabled":true,"_links":{"self":[{"href":"https:\/\/portalmovil.com.ar\/index.php\/wp-json\/wp\/v2\/posts\/8796","targetHints":{"allow":["GET"]}}],"collection":[{"href":"https:\/\/portalmovil.com.ar\/index.php\/wp-json\/wp\/v2\/posts"}],"about":[{"href":"https:\/\/portalmovil.com.ar\/index.php\/wp-json\/wp\/v2\/types\/post"}],"author":[{"embeddable":true,"href":"https:\/\/portalmovil.com.ar\/index.php\/wp-json\/wp\/v2\/users\/2"}],"replies":[{"embeddable":true,"href":"https:\/\/portalmovil.com.ar\/index.php\/wp-json\/wp\/v2\/comments?post=8796"}],"version-history":[{"count":1,"href":"https:\/\/portalmovil.com.ar\/index.php\/wp-json\/wp\/v2\/posts\/8796\/revisions"}],"predecessor-version":[{"id":8798,"href":"https:\/\/portalmovil.com.ar\/index.php\/wp-json\/wp\/v2\/posts\/8796\/revisions\/8798"}],"wp:featuredmedia":[{"embeddable":true,"href":"https:\/\/portalmovil.com.ar\/index.php\/wp-json\/wp\/v2\/media\/8797"}],"wp:attachment":[{"href":"https:\/\/portalmovil.com.ar\/index.php\/wp-json\/wp\/v2\/media?parent=8796"}],"wp:term":[{"taxonomy":"category","embeddable":true,"href":"https:\/\/portalmovil.com.ar\/index.php\/wp-json\/wp\/v2\/categories?post=8796"},{"taxonomy":"post_tag","embeddable":true,"href":"https:\/\/portalmovil.com.ar\/index.php\/wp-json\/wp\/v2\/tags?post=8796"}],"curies":[{"name":"wp","href":"https:\/\/api.w.org\/{rel}","templated":true}]}}