{"id":87903,"date":"2023-12-09T10:21:25","date_gmt":"2023-12-09T13:21:25","guid":{"rendered":"https:\/\/portalmovil.com.ar\/?p=87903"},"modified":"2023-12-09T10:21:27","modified_gmt":"2023-12-09T13:21:27","slug":"aviones-inhibidores-de-drones-y-radares-custodian-los-cielos-del-pais-por-la-asuncion-del-nuevo-presidente","status":"publish","type":"post","link":"https:\/\/portalmovil.com.ar\/index.php\/2023\/12\/09\/aviones-inhibidores-de-drones-y-radares-custodian-los-cielos-del-pais-por-la-asuncion-del-nuevo-presidente\/","title":{"rendered":"Aviones, inhibidores de drones y radares custodian los cielos del pa\u00eds por la asunci\u00f3n del nuevo Presidente"},"content":{"rendered":"\n<p>As\u00ed lo inform\u00f3 hoy el Estado Mayor Conjunto de las Fuerzas Armadas al se\u00f1alar que el Comando Operacional de las FFAA ha implementado a trav\u00e9s del Comando Conjunto Aeroespacial \u00abuna Zona de Identificaci\u00f3n A\u00e9rea para dar seguridad al espacio a\u00e9reo durante la ceremonia de asunci\u00f3n del nuevo mandatario electo\u00bb.<\/p>\n\n\n\n<p>Para ello se ha ordenado el alistamiento de caza interceptora con aviones A4-AR y IA-63 Pampa, sistemas Inhibidores de drones y radares de vigilancia aeroespacial, a\u00f1adi\u00f3 el Estado Mayor en un comunicado.<\/p>\n\n\n\n<p>Asimismo, indic\u00f3 que esta operaci\u00f3n conjunta es conducida en tiempo real desde el Centro de Operaciones Aeroespaciales Merlo, ubicado en la localidad hom\u00f3nima del Gran Buenos Aires.<\/p>\n\n\n\n<p>Javier Milei asumir\u00e1, a sus 53 a\u00f1os, la Presidencia de la Naci\u00f3n en una ceremonia que comenzar\u00e1 a media ma\u00f1ana con su presentaci\u00f3n ante la Asamblea Legislativa en el Congreso Nacional y luego de ofrecer un discurso a la ciudadan\u00eda en la Plaza de los Dos Congresos, se trasladar\u00e1 hasta la Casa Rosada, con una caravana y escolta de honor.<\/p>\n\n\n\n<p>Milei, economista y fundador del partido La Libertad Avanza, ser\u00e1 el d\u00e9cimo argentino en ejercer la Presidencia desde el regreso de la democracia, si se cuentan los mandatos de Adolfo Rodr\u00edguez Sa\u00e1 y Eduardo Duhalde tras la crisis del 2001.<\/p>\n","protected":false},"excerpt":{"rendered":"<p>As\u00ed lo inform\u00f3 hoy el Estado Mayor Conjunto de las Fuerzas Armadas al se\u00f1alar que el Comando Operacional de las FFAA ha implementado a trav\u00e9s del Comando Conjunto Aeroespacial \u00abuna Zona de Identificaci\u00f3n A\u00e9rea para dar seguridad al espacio a\u00e9reo durante la ceremonia de asunci\u00f3n del nuevo mandatario electo\u00bb. Para ello se ha ordenado el &hellip;<\/p>\n","protected":false},"author":2,"featured_media":87904,"comment_status":"open","ping_status":"open","sticky":false,"template":"","format":"standard","meta":{"_jetpack_memberships_contains_paid_content":false,"footnotes":"","jetpack_publicize_message":"","jetpack_publicize_feature_enabled":true,"jetpack_social_post_already_shared":true,"jetpack_social_options":{"image_generator_settings":{"template":"highway","default_image_id":0,"font":"","enabled":false},"version":2}},"categories":[639,14],"tags":[],"class_list":["post-87903","post","type-post","status-publish","format-standard","has-post-thumbnail","hentry","category-argentina","category-politica"],"jetpack_publicize_connections":[],"jetpack_featured_media_url":"https:\/\/portalmovil.com.ar\/wp-content\/uploads\/2023\/12\/6573b6b5d8b9a466488859.png","jetpack_sharing_enabled":true,"amp_enabled":true,"_links":{"self":[{"href":"https:\/\/portalmovil.com.ar\/index.php\/wp-json\/wp\/v2\/posts\/87903","targetHints":{"allow":["GET"]}}],"collection":[{"href":"https:\/\/portalmovil.com.ar\/index.php\/wp-json\/wp\/v2\/posts"}],"about":[{"href":"https:\/\/portalmovil.com.ar\/index.php\/wp-json\/wp\/v2\/types\/post"}],"author":[{"embeddable":true,"href":"https:\/\/portalmovil.com.ar\/index.php\/wp-json\/wp\/v2\/users\/2"}],"replies":[{"embeddable":true,"href":"https:\/\/portalmovil.com.ar\/index.php\/wp-json\/wp\/v2\/comments?post=87903"}],"version-history":[{"count":1,"href":"https:\/\/portalmovil.com.ar\/index.php\/wp-json\/wp\/v2\/posts\/87903\/revisions"}],"predecessor-version":[{"id":87905,"href":"https:\/\/portalmovil.com.ar\/index.php\/wp-json\/wp\/v2\/posts\/87903\/revisions\/87905"}],"wp:featuredmedia":[{"embeddable":true,"href":"https:\/\/portalmovil.com.ar\/index.php\/wp-json\/wp\/v2\/media\/87904"}],"wp:attachment":[{"href":"https:\/\/portalmovil.com.ar\/index.php\/wp-json\/wp\/v2\/media?parent=87903"}],"wp:term":[{"taxonomy":"category","embeddable":true,"href":"https:\/\/portalmovil.com.ar\/index.php\/wp-json\/wp\/v2\/categories?post=87903"},{"taxonomy":"post_tag","embeddable":true,"href":"https:\/\/portalmovil.com.ar\/index.php\/wp-json\/wp\/v2\/tags?post=87903"}],"curies":[{"name":"wp","href":"https:\/\/api.w.org\/{rel}","templated":true}]}}