{"id":87604,"date":"2023-12-04T06:38:00","date_gmt":"2023-12-04T09:38:00","guid":{"rendered":"https:\/\/portalmovil.com.ar\/?p=87604"},"modified":"2023-12-04T11:01:01","modified_gmt":"2023-12-04T14:01:01","slug":"javier-milei-anuncio-que-luis-petri-sera-su-ministro-de-defensa","status":"publish","type":"post","link":"https:\/\/portalmovil.com.ar\/index.php\/2023\/12\/04\/javier-milei-anuncio-que-luis-petri-sera-su-ministro-de-defensa\/","title":{"rendered":"Javier Milei anunci\u00f3 que Luis Petri ser\u00e1 su ministro de Defensa"},"content":{"rendered":"\n<p>Este lunes, se comunic\u00f3 oficialmente la designaci\u00f3n de&nbsp;<strong>Luis Petri como Ministro de Defensa de la Naci\u00f3n.<\/strong>&nbsp;A trav\u00e9s de un comunicado de la oficina del presidente electo se inform\u00f3 que Petri se har\u00e1 cargo de esa cartera desde el 10 de diciembre. \u00abDe esta manera, la f\u00f3rmula completa de Juntos por el Cambio ha quedado integrada al Gobierno de La Libertad Avanza\u00bb, expresaron.<\/p>\n\n\n\n<p>El futuro ministro del Interior de Javier Milei, Guillermo Francos, hab\u00eda anticipado que estaban \u00abmuy avanzadas\u00bb las conversaciones para que Luis Petri se haga cargo del Ministerio de Defensa. As\u00ed se lo confirm\u00f3 al periodista Luis Majul y destac\u00f3 el rol que tuvo tanto Petri como Patricia Bullrich de cara al balotaje.<\/p>\n\n\n\n<p>Cuando le consultaron acerca de la posibilidad de que el mendocino sea el nuevo Ministro de Defensa de la Naci\u00f3n, Francos admiti\u00f3 que la confirmaci\u00f3n depende del presidente electo,&nbsp;pero avis\u00f3 que &nbsp;hab\u00eda \u00abconversaciones muy avanzadas\u00bb para que eso ocurriera.<\/p>\n\n\n\n<p>Luis Petri fue candidato a vicepresidente de Patricia Bullrich y ambos salieron terceros en la elecci\u00f3n del 22 de octubre. Al d\u00eda siguiente volcaron su apoyo a Javier Milei de cara al balotaje a pesar de que exist\u00eda resistencia a ese posicionamiento dentro de Juntos por el Cambio.<\/p>\n\n\n\n<p>En La Libertad Avanza valoran ese gesto y reconocen que sirvi\u00f3 para que el votante de Bullrich inclinara su apoyo hacia el candidato libertario.<\/p>\n","protected":false},"excerpt":{"rendered":"<p>Este lunes, se comunic\u00f3 oficialmente la designaci\u00f3n de&nbsp;Luis Petri como Ministro de Defensa de la Naci\u00f3n.&nbsp;A trav\u00e9s de un comunicado de la oficina del presidente electo se inform\u00f3 que Petri se har\u00e1 cargo de esa cartera desde el 10 de diciembre. \u00abDe esta manera, la f\u00f3rmula completa de Juntos por el Cambio ha quedado integrada &hellip;<\/p>\n","protected":false},"author":2,"featured_media":87605,"comment_status":"open","ping_status":"open","sticky":false,"template":"","format":"standard","meta":{"_jetpack_memberships_contains_paid_content":false,"footnotes":"","jetpack_publicize_message":"","jetpack_publicize_feature_enabled":true,"jetpack_social_post_already_shared":true,"jetpack_social_options":{"image_generator_settings":{"template":"highway","default_image_id":0,"font":"","enabled":false},"version":2}},"categories":[639,14,12],"tags":[],"class_list":["post-87604","post","type-post","status-publish","format-standard","has-post-thumbnail","hentry","category-argentina","category-politica","category-ultimo"],"jetpack_publicize_connections":[],"jetpack_featured_media_url":"https:\/\/portalmovil.com.ar\/wp-content\/uploads\/2023\/12\/112218-luis-petri-sera-el-ministro-de-defensa-del-gobierno-de-javier-milei.jpg","jetpack_sharing_enabled":true,"amp_enabled":true,"_links":{"self":[{"href":"https:\/\/portalmovil.com.ar\/index.php\/wp-json\/wp\/v2\/posts\/87604","targetHints":{"allow":["GET"]}}],"collection":[{"href":"https:\/\/portalmovil.com.ar\/index.php\/wp-json\/wp\/v2\/posts"}],"about":[{"href":"https:\/\/portalmovil.com.ar\/index.php\/wp-json\/wp\/v2\/types\/post"}],"author":[{"embeddable":true,"href":"https:\/\/portalmovil.com.ar\/index.php\/wp-json\/wp\/v2\/users\/2"}],"replies":[{"embeddable":true,"href":"https:\/\/portalmovil.com.ar\/index.php\/wp-json\/wp\/v2\/comments?post=87604"}],"version-history":[{"count":1,"href":"https:\/\/portalmovil.com.ar\/index.php\/wp-json\/wp\/v2\/posts\/87604\/revisions"}],"predecessor-version":[{"id":87606,"href":"https:\/\/portalmovil.com.ar\/index.php\/wp-json\/wp\/v2\/posts\/87604\/revisions\/87606"}],"wp:featuredmedia":[{"embeddable":true,"href":"https:\/\/portalmovil.com.ar\/index.php\/wp-json\/wp\/v2\/media\/87605"}],"wp:attachment":[{"href":"https:\/\/portalmovil.com.ar\/index.php\/wp-json\/wp\/v2\/media?parent=87604"}],"wp:term":[{"taxonomy":"category","embeddable":true,"href":"https:\/\/portalmovil.com.ar\/index.php\/wp-json\/wp\/v2\/categories?post=87604"},{"taxonomy":"post_tag","embeddable":true,"href":"https:\/\/portalmovil.com.ar\/index.php\/wp-json\/wp\/v2\/tags?post=87604"}],"curies":[{"name":"wp","href":"https:\/\/api.w.org\/{rel}","templated":true}]}}