{"id":8757,"date":"2020-07-06T00:10:28","date_gmt":"2020-07-06T03:10:28","guid":{"rendered":"http:\/\/portalmovil.com.ar\/?p=8757"},"modified":"2020-07-06T00:10:30","modified_gmt":"2020-07-06T03:10:30","slug":"el-presidente-dijo-que-en-los-proximos-dias-enviara-al-congreso-proyecto-de-reforma-judicial","status":"publish","type":"post","link":"https:\/\/portalmovil.com.ar\/index.php\/2020\/07\/06\/el-presidente-dijo-que-en-los-proximos-dias-enviara-al-congreso-proyecto-de-reforma-judicial\/","title":{"rendered":"El Presidente dijo que en los pr\u00f3ximos d\u00edas enviar\u00e1 al Congreso proyecto de reforma judicial"},"content":{"rendered":"\n<p>El presidente Alberto Fern\u00e1ndez asegur\u00f3 que en los pr\u00f3ximos d\u00edas enviar\u00e1 al Congreso Nacional el proyecto para reformar la justicia federal, pidi\u00f3 a los jueces que comprendan \u00abque ellos no son parte de la discusi\u00f3n pol\u00edtica\u00bb y reafirm\u00f3 que su gesti\u00f3n seguir\u00e1 defendiendo el respeto por las garant\u00edas del debido proceso.<\/p>\n\n\n\n<p>\u00abLo que hace falta son jueces que act\u00faen con dignidad y con seriedad\u00bb, declar\u00f3 Fern\u00e1ndez, en una entrevista con Radio Milenium, en la que volvi\u00f3 a garantizar que en su gobierno \u00abno va a funcionar nunca m\u00e1s\u00bb determinadas \u00abl\u00f3gicas\u00bb.<\/p>\n\n\n\n<p>\u00abLes pido a los jueces que no vuelvan a hacer lo que hicieron; no usemos la justicia para resolver problemas pol\u00edticos\u00bb, dijo el Presidente.<\/p>\n\n\n\n<p>Consultado sobre la causa por hechos de espionaje ilegal, Fern\u00e1ndez respondi\u00f3: \u00abVeo con mucha preocupaci\u00f3n que parece ser que se ha desbaratado una c\u00e9lula de esp\u00edas que trabajaba con jueces y medios de comunicaci\u00f3n, generando imputaciones falsas\u00bb.<\/p>\n\n\n\n<p>Asegur\u00f3 que \u00abesas l\u00f3gicas en la Argentina de hoy son intolerables\u00bb y \u00abno pueden seguir ocurriendo\u00bb, y plante\u00f3 que, \u00absi ese hecho fuera eventualmente cierto, hay que investigarlo garantizando todo el debido proceso que la Rep\u00fablica exige\u00bb.<\/p>\n\n\n\n<p>\u00abLes garantizo que conmigo eso no va a funcionar nunca m\u00e1s; no voy a permitir que eso ocurra; algunos jueces tienen que entender que ellos no son parte de la discusi\u00f3n pol\u00edtica, que son parte de la cuesti\u00f3n judicial\u00bb, remarc\u00f3.<\/p>\n\n\n\n<p>Sobre este punto grafic\u00f3 que los jueces \u00abno tienen que estar todos los d\u00edas en las tapas de los diarios\u00bb, sino que \u00abtienen que hacer justicia\u00bb.<\/p>\n\n\n\n<p>\u00abSi quieren un ejemplo, miren c\u00f3mo se trat\u00f3 el caso que se investiga en Dolores. Ninguno de nosotros le conocemos la cara a (juez Alejo) Ramos Padilla y miren c\u00f3mo avanz\u00f3 y no gener\u00f3 ni una sola foto de ning\u00fan imputado; as\u00ed trabaja la justicia; despu\u00e9s sacar\u00e1 sus conclusiones, qui\u00e9n es inocente, qui\u00e9n es culpable; no quiero que se haga hoy lo que nosotros padecimos ayer\u00bb, reflexion\u00f3.<\/p>\n\n\n\n<p>Reiter\u00f3 que los servicios de inteligencia \u00abest\u00e1n para que el Estado haga inteligencia en defensa propia, no para investigar un periodista, un opositor, alguien que le cae poco simp\u00e1tico al Presidente o un hermano\u00bb.<\/p>\n","protected":false},"excerpt":{"rendered":"<p>El presidente Alberto Fern\u00e1ndez asegur\u00f3 que en los pr\u00f3ximos d\u00edas enviar\u00e1 al Congreso Nacional el proyecto para reformar la justicia federal, pidi\u00f3 a los jueces que comprendan \u00abque ellos no son parte de la discusi\u00f3n pol\u00edtica\u00bb y reafirm\u00f3 que su gesti\u00f3n seguir\u00e1 defendiendo el respeto por las garant\u00edas del debido proceso. \u00abLo que hace falta &hellip;<\/p>\n","protected":false},"author":2,"featured_media":8758,"comment_status":"open","ping_status":"open","sticky":false,"template":"","format":"standard","meta":{"_jetpack_memberships_contains_paid_content":false,"footnotes":"","jetpack_publicize_message":"","jetpack_publicize_feature_enabled":true,"jetpack_social_post_already_shared":true,"jetpack_social_options":{"image_generator_settings":{"template":"highway","default_image_id":0,"font":"","enabled":false},"version":2}},"categories":[34,12],"tags":[],"class_list":["post-8757","post","type-post","status-publish","format-standard","has-post-thumbnail","hentry","category-nacional","category-ultimo"],"jetpack_publicize_connections":[],"jetpack_featured_media_url":"https:\/\/portalmovil.com.ar\/wp-content\/uploads\/2020\/07\/5f0203649b291_1004x565.jpg","jetpack_sharing_enabled":true,"amp_enabled":true,"_links":{"self":[{"href":"https:\/\/portalmovil.com.ar\/index.php\/wp-json\/wp\/v2\/posts\/8757","targetHints":{"allow":["GET"]}}],"collection":[{"href":"https:\/\/portalmovil.com.ar\/index.php\/wp-json\/wp\/v2\/posts"}],"about":[{"href":"https:\/\/portalmovil.com.ar\/index.php\/wp-json\/wp\/v2\/types\/post"}],"author":[{"embeddable":true,"href":"https:\/\/portalmovil.com.ar\/index.php\/wp-json\/wp\/v2\/users\/2"}],"replies":[{"embeddable":true,"href":"https:\/\/portalmovil.com.ar\/index.php\/wp-json\/wp\/v2\/comments?post=8757"}],"version-history":[{"count":1,"href":"https:\/\/portalmovil.com.ar\/index.php\/wp-json\/wp\/v2\/posts\/8757\/revisions"}],"predecessor-version":[{"id":8759,"href":"https:\/\/portalmovil.com.ar\/index.php\/wp-json\/wp\/v2\/posts\/8757\/revisions\/8759"}],"wp:featuredmedia":[{"embeddable":true,"href":"https:\/\/portalmovil.com.ar\/index.php\/wp-json\/wp\/v2\/media\/8758"}],"wp:attachment":[{"href":"https:\/\/portalmovil.com.ar\/index.php\/wp-json\/wp\/v2\/media?parent=8757"}],"wp:term":[{"taxonomy":"category","embeddable":true,"href":"https:\/\/portalmovil.com.ar\/index.php\/wp-json\/wp\/v2\/categories?post=8757"},{"taxonomy":"post_tag","embeddable":true,"href":"https:\/\/portalmovil.com.ar\/index.php\/wp-json\/wp\/v2\/tags?post=8757"}],"curies":[{"name":"wp","href":"https:\/\/api.w.org\/{rel}","templated":true}]}}