{"id":87431,"date":"2023-11-29T11:56:00","date_gmt":"2023-11-29T14:56:00","guid":{"rendered":"https:\/\/portalmovil.com.ar\/?p=87431"},"modified":"2023-11-29T21:57:14","modified_gmt":"2023-11-30T00:57:14","slug":"legisladores-chaquenos-aprobaron-el-presupuesto-2024-y-la-ley-de-ministerios","status":"publish","type":"post","link":"https:\/\/portalmovil.com.ar\/index.php\/2023\/11\/29\/legisladores-chaquenos-aprobaron-el-presupuesto-2024-y-la-ley-de-ministerios\/","title":{"rendered":"Legisladores chaque\u00f1os aprobaron el Presupuesto 2024 y la Ley de Ministerios\u00a0"},"content":{"rendered":"\n<p>Este mi\u00e9rcoles por la tarde, en la sesi\u00f3n ordinaria de la C\u00e1mara de Diputados aprob\u00f3 con 30 votos positivos el&nbsp;<strong>Proyecto de ley 2349\/23 -Presupuesto General de la Provincia del Chaco para el ejercicio 2024.<\/strong><\/p>\n\n\n\n<figure class=\"wp-block-image\"><img decoding=\"async\" src=\"https:\/\/www.diariochaco.com\/content\/bucket\/9\/590909w790h544c.jpg.webp\" alt=\"\"\/><\/figure>\n\n\n\n<p>Estuvieron ausentes de la sesi\u00f3n el gobernador electo,&nbsp;<strong>Leandro Zdero<\/strong>&nbsp;y el diputado del bloque Por Chaco,&nbsp;<strong>Luis Alberto El Halli Obeid<\/strong>.&nbsp; La iniciativa, considerada como la m\u00e1s importante del segundo semestre de cada a\u00f1o,&nbsp;<strong>comenz\u00f3 a debatirse en octubre de este a\u00f1o<\/strong>&nbsp;tras ingresar al Parlamento remitida por el Poder Ejecutivo Provincial.&nbsp;<\/p>\n\n\n\n<p>Por otro lado, tuvo el visto bueno tambi\u00e9n la Ley de Ministerios.<strong>&nbsp;Previo a la votaci\u00f3n, varios diputados del oficialismo y la izquierda se pronunciaron en contra de su sanci\u00f3n.<\/strong><\/p>\n\n\n\n<p>\u00abNo daremos ni un paso atr\u00e1s en los derechos adquiridos\u00bb, afirm\u00f3 el diputado&nbsp;<strong>Rodolfo Schwartz<\/strong>, del bloque Partido Del Trabajo Y Del Pueblo, haciendo referencia a la divisi\u00f3n de ministerios y secretarias, las cuales deja afuera del rango de secretaria a DDHH y de ministerio a Ambiente.&nbsp;<\/p>\n\n\n\n<p>Cabe reslatar que la presentaci\u00f3n fue realizada el pasado 16 de noviembre por el bloque encabezado por Leandro Zdero<strong>&nbsp;para la organizaci\u00f3n ministerial a partir del 10 de diciembre.&nbsp;<\/strong>Teresa Cubells, Rodrigo Ocampo, Mariela Quiroz y Rodolfo Schwartz se negaron a la medida. A las ausencias de Zdero y Obeid<strong>&nbsp;se sumaron Ben\u00edtez y Parra Moreno.&nbsp;<\/strong><\/p>\n\n\n\n<figure class=\"wp-block-image\"><img decoding=\"async\" src=\"https:\/\/www.diariochaco.com\/content\/bucket\/1\/590911w790h446c.png.webp\" alt=\"\"\/><\/figure>\n\n\n\n<p>La propuesta establece la creaci\u00f3n de los siguientes ministerios: Ministerio de Desarrollo Humano, Ministerio de la Producci\u00f3n y el Desarrollo Econ\u00f3mico Sostenible, Ministerio de Educaci\u00f3n, Cultura, Ciencia y Tecnolog\u00eda, Ministerio de Salud P\u00fablica, Ministerio de Hacienda y Finanzas, Ministerio de Infraestructura, Obras y Servicios P\u00fablicos, Ministerio de Seguridad, Ministerio de Gobierno, Justicia y Derechos Humanos.<\/p>\n","protected":false},"excerpt":{"rendered":"<p>Este mi\u00e9rcoles por la tarde, en la sesi\u00f3n ordinaria de la C\u00e1mara de Diputados aprob\u00f3 con 30 votos positivos el&nbsp;Proyecto de ley 2349\/23 -Presupuesto General de la Provincia del Chaco para el ejercicio 2024. Estuvieron ausentes de la sesi\u00f3n el gobernador electo,&nbsp;Leandro Zdero&nbsp;y el diputado del bloque Por Chaco,&nbsp;Luis Alberto El Halli Obeid.&nbsp; La iniciativa, &hellip;<\/p>\n","protected":false},"author":2,"featured_media":87432,"comment_status":"open","ping_status":"open","sticky":false,"template":"","format":"standard","meta":{"_jetpack_memberships_contains_paid_content":false,"footnotes":"","jetpack_publicize_message":"","jetpack_publicize_feature_enabled":true,"jetpack_social_post_already_shared":true,"jetpack_social_options":{"image_generator_settings":{"template":"highway","default_image_id":0,"font":"","enabled":false},"version":2}},"categories":[5,14,12],"tags":[],"class_list":["post-87431","post","type-post","status-publish","format-standard","has-post-thumbnail","hentry","category-chaco","category-politica","category-ultimo"],"jetpack_publicize_connections":[],"jetpack_featured_media_url":"https:\/\/portalmovil.com.ar\/wp-content\/uploads\/2023\/11\/590915w850h501c.jpg.webp","jetpack_sharing_enabled":true,"amp_enabled":true,"_links":{"self":[{"href":"https:\/\/portalmovil.com.ar\/index.php\/wp-json\/wp\/v2\/posts\/87431","targetHints":{"allow":["GET"]}}],"collection":[{"href":"https:\/\/portalmovil.com.ar\/index.php\/wp-json\/wp\/v2\/posts"}],"about":[{"href":"https:\/\/portalmovil.com.ar\/index.php\/wp-json\/wp\/v2\/types\/post"}],"author":[{"embeddable":true,"href":"https:\/\/portalmovil.com.ar\/index.php\/wp-json\/wp\/v2\/users\/2"}],"replies":[{"embeddable":true,"href":"https:\/\/portalmovil.com.ar\/index.php\/wp-json\/wp\/v2\/comments?post=87431"}],"version-history":[{"count":1,"href":"https:\/\/portalmovil.com.ar\/index.php\/wp-json\/wp\/v2\/posts\/87431\/revisions"}],"predecessor-version":[{"id":87433,"href":"https:\/\/portalmovil.com.ar\/index.php\/wp-json\/wp\/v2\/posts\/87431\/revisions\/87433"}],"wp:featuredmedia":[{"embeddable":true,"href":"https:\/\/portalmovil.com.ar\/index.php\/wp-json\/wp\/v2\/media\/87432"}],"wp:attachment":[{"href":"https:\/\/portalmovil.com.ar\/index.php\/wp-json\/wp\/v2\/media?parent=87431"}],"wp:term":[{"taxonomy":"category","embeddable":true,"href":"https:\/\/portalmovil.com.ar\/index.php\/wp-json\/wp\/v2\/categories?post=87431"},{"taxonomy":"post_tag","embeddable":true,"href":"https:\/\/portalmovil.com.ar\/index.php\/wp-json\/wp\/v2\/tags?post=87431"}],"curies":[{"name":"wp","href":"https:\/\/api.w.org\/{rel}","templated":true}]}}