{"id":874,"date":"2020-01-25T23:50:56","date_gmt":"2020-01-26T02:50:56","guid":{"rendered":"http:\/\/portalmovil.com.ar\/?p=874"},"modified":"2020-01-25T23:51:04","modified_gmt":"2020-01-26T02:51:04","slug":"cafiero-y-rossi-le-dieron-la-bienvenida-a-la-fragata-libertad-y-recordaron-a-la-tripulacion-del-ara-san-juan","status":"publish","type":"post","link":"https:\/\/portalmovil.com.ar\/index.php\/2020\/01\/25\/cafiero-y-rossi-le-dieron-la-bienvenida-a-la-fragata-libertad-y-recordaron-a-la-tripulacion-del-ara-san-juan\/","title":{"rendered":"Cafiero y Rossi le dieron la bienvenida a la Fragata Libertad y recordaron a la tripulaci\u00f3n del ARA San Juan"},"content":{"rendered":"\n<p><strong>La<\/strong>\u00a0<strong>Fragata \u201cLibertad\u201d<\/strong>\u00a0arribo a la ciudad de\u00a0<strong>Mar del Plata<\/strong>. La embarcaci\u00f3n toc\u00f3 15 puertos de 10 pa\u00edses y tuvo su acto de bienvenida encabezado por el\u00a0<strong>jefe de Gabinete, Santiago Cafiero<\/strong>, y los\u00a0<strong>ministros de Defensa, Agust\u00edn Rossi; Cultura, Trist\u00e1n Bauer; Interior, Eduardo de Pedro; y Tecnolog\u00eda, Roberto Salvarezza,<\/strong>\u00a0mientras cientos de familiares esperaban a la tripulaci\u00f3n.<\/p>\n\n\n\n<p>Tras la recorrida por las instalaciones de la Fragata,&nbsp;<strong>Rossi&nbsp;<\/strong>fue el primero de los funcionarios en tomar la palabra y destac\u00f3 que \u201clos argentinos tenemos s\u00edmbolos que nos identifican en el exterior y que nos identifican internamente. Hay caracter\u00edsticas y s\u00edmbolos que nos unen.&nbsp;<strong>La fragata Libertad es uno de esos s\u00edmbolos, es nuestro buque escuela que nos representa en cada puerto que visita<\/strong>\u201d.<\/p>\n\n\n\n<figure class=\"wp-block-image size-large\"><img loading=\"lazy\" decoding=\"async\" width=\"1024\" height=\"576\" src=\"https:\/\/portalmovil.com.ar\/wp-content\/uploads\/2020\/01\/Fragata-libertad-25-1-2020mdp-1-1024x576.jpg\" alt=\"\" class=\"wp-image-875\" srcset=\"https:\/\/portalmovil.com.ar\/wp-content\/uploads\/2020\/01\/Fragata-libertad-25-1-2020mdp-1-1024x576.jpg 1024w, https:\/\/portalmovil.com.ar\/wp-content\/uploads\/2020\/01\/Fragata-libertad-25-1-2020mdp-1-300x169.jpg 300w, https:\/\/portalmovil.com.ar\/wp-content\/uploads\/2020\/01\/Fragata-libertad-25-1-2020mdp-1-768x432.jpg 768w, https:\/\/portalmovil.com.ar\/wp-content\/uploads\/2020\/01\/Fragata-libertad-25-1-2020mdp-1.jpg 1032w\" sizes=\"auto, (max-width: 1024px) 100vw, 1024px\" \/><figcaption>la fragata llevo a Mar del Plata<\/figcaption><\/figure>\n\n\n\n<p>Tambi\u00e9n, se\u00f1al\u00f3 que para el Gobierno, las Fuerzas Armadas ocupan un lugar de trascendencia. \u201c<strong>Queremos que sean parte de la reconstrucci\u00f3n de esta gran Naci\u00f3n<\/strong>. Sabemos los problemas que tienen y existen, pero este reconocimiento es el inicio de la soluci\u00f3n\u201d.<\/p>\n\n\n\n<p>Por su parte,&nbsp;<strong>Cafiero<\/strong>&nbsp;expres\u00f3 que al&nbsp;<strong>presidente Alberto Fern\u00e1ndez<\/strong>&nbsp;le hubiera gustado estar presente en el acto, pero que por cuestiones de agenda -lleg\u00f3 esta ma\u00f1ana desde Israel- no pudo hacerlo.<\/p>\n\n\n\n<p>Adem\u00e1s, junto al Ministro de Defensa, aprovech\u00f3 la ocasi\u00f3n para&nbsp;<strong>recordar la tragedia del ARA San Juan<\/strong>: \u201cLa fiesta con la llegada de todos ustedes tambi\u00e9n nos hace recordar a los 44 tripulantes del ARA San Juan, quienes siempre van a ser una referencia de los h\u00e9roes que no pudieron regresar\u201d.<\/p>\n\n\n\n<p>\u201cLa Fragata Libertad&nbsp;<strong>simboliza unidad, soberan\u00eda y que entre todos vamos a poner de vuelta al pa\u00eds de pie<\/strong>\u201d, concluy\u00f3 el Jefe de Gabinete.<\/p>\n","protected":false},"excerpt":{"rendered":"<p>La\u00a0Fragata \u201cLibertad\u201d\u00a0arribo a la ciudad de\u00a0Mar del Plata. La embarcaci\u00f3n toc\u00f3 15 puertos de 10 pa\u00edses y tuvo su acto de bienvenida encabezado por el\u00a0jefe de Gabinete, Santiago Cafiero, y los\u00a0ministros de Defensa, Agust\u00edn Rossi; Cultura, Trist\u00e1n Bauer; Interior, Eduardo de Pedro; y Tecnolog\u00eda, Roberto Salvarezza,\u00a0mientras cientos de familiares esperaban a la tripulaci\u00f3n. Tras la &hellip;<\/p>\n","protected":false},"author":2,"featured_media":876,"comment_status":"open","ping_status":"open","sticky":true,"template":"","format":"standard","meta":{"_jetpack_memberships_contains_paid_content":false,"footnotes":"","jetpack_publicize_message":"","jetpack_publicize_feature_enabled":true,"jetpack_social_post_already_shared":true,"jetpack_social_options":{"image_generator_settings":{"template":"highway","default_image_id":0,"font":"","enabled":false},"version":2}},"categories":[12],"tags":[],"class_list":["post-874","post","type-post","status-publish","format-standard","has-post-thumbnail","hentry","category-ultimo"],"jetpack_publicize_connections":[],"jetpack_featured_media_url":"https:\/\/portalmovil.com.ar\/wp-content\/uploads\/2020\/01\/EPJpA5qWsAIxt9e.jpg","jetpack_sharing_enabled":true,"amp_enabled":true,"_links":{"self":[{"href":"https:\/\/portalmovil.com.ar\/index.php\/wp-json\/wp\/v2\/posts\/874","targetHints":{"allow":["GET"]}}],"collection":[{"href":"https:\/\/portalmovil.com.ar\/index.php\/wp-json\/wp\/v2\/posts"}],"about":[{"href":"https:\/\/portalmovil.com.ar\/index.php\/wp-json\/wp\/v2\/types\/post"}],"author":[{"embeddable":true,"href":"https:\/\/portalmovil.com.ar\/index.php\/wp-json\/wp\/v2\/users\/2"}],"replies":[{"embeddable":true,"href":"https:\/\/portalmovil.com.ar\/index.php\/wp-json\/wp\/v2\/comments?post=874"}],"version-history":[{"count":1,"href":"https:\/\/portalmovil.com.ar\/index.php\/wp-json\/wp\/v2\/posts\/874\/revisions"}],"predecessor-version":[{"id":877,"href":"https:\/\/portalmovil.com.ar\/index.php\/wp-json\/wp\/v2\/posts\/874\/revisions\/877"}],"wp:featuredmedia":[{"embeddable":true,"href":"https:\/\/portalmovil.com.ar\/index.php\/wp-json\/wp\/v2\/media\/876"}],"wp:attachment":[{"href":"https:\/\/portalmovil.com.ar\/index.php\/wp-json\/wp\/v2\/media?parent=874"}],"wp:term":[{"taxonomy":"category","embeddable":true,"href":"https:\/\/portalmovil.com.ar\/index.php\/wp-json\/wp\/v2\/categories?post=874"},{"taxonomy":"post_tag","embeddable":true,"href":"https:\/\/portalmovil.com.ar\/index.php\/wp-json\/wp\/v2\/tags?post=874"}],"curies":[{"name":"wp","href":"https:\/\/api.w.org\/{rel}","templated":true}]}}