{"id":87088,"date":"2023-11-23T11:26:44","date_gmt":"2023-11-23T14:26:44","guid":{"rendered":"https:\/\/portalmovil.com.ar\/?p=87088"},"modified":"2023-11-23T11:26:46","modified_gmt":"2023-11-23T14:26:46","slug":"la-policia-encontro-a-dos-menores-que-llevaban-casi-una-semana-desaparecidos","status":"publish","type":"post","link":"https:\/\/portalmovil.com.ar\/index.php\/2023\/11\/23\/la-policia-encontro-a-dos-menores-que-llevaban-casi-una-semana-desaparecidos\/","title":{"rendered":"La polic\u00eda encontr\u00f3 a dos menores que llevaban casi una semana desaparecidos"},"content":{"rendered":"\n<p>Este mi\u00e9rcoles por la tarde, alrededor de las 17:30, los agentes recorr\u00edan distintos puntos de la ciudad cuando tomaron conocimiento de que la menor, de 17 a\u00f1os, estaba en cercan\u00edas al hogar de tr\u00e1nsito. Inmediatamente se dirigieron hasta la zona y corroboraron que la adolescente hab\u00eda regresado.<\/p>\n\n\n\n<p>Luego de tomar la declaraci\u00f3n y verificar que se encuentre en buen estado de salud, la fiscal\u00eda dispuso que se desactive el protocolo de b\u00fasqueda de personas. Mientras tanto, los efectivos investigaban el paradero de un menor de 13 a\u00f1os, que fue visto por \u00faltima vez el viernes 17.<\/p>\n\n\n\n<p>Tras inspeccionar las redes sociales del adolescente y luego de entrevistarse con sus familiares, lograron establecer que este mi\u00e9rcoles a las 17:30, estaba por avenida Edison y Lapacho. Los agentes recorrieron la zona y a la noche, a eso de las 22, lograron encontrarlo.<\/p>\n\n\n\n<p>En el lugar, se hizo presente la madre del menor y como se negaba a regresar a su casa, fue trasladado hasta Medicina Legal y luego a la L\u00ednea 102 por disposici\u00f3n de la fiscal\u00eda.<\/p>\n","protected":false},"excerpt":{"rendered":"<p>Los menores tienen 17 y 13 a\u00f1os.<\/p>\n","protected":false},"author":6,"featured_media":87089,"comment_status":"open","ping_status":"open","sticky":false,"template":"","format":"standard","meta":{"_jetpack_memberships_contains_paid_content":false,"footnotes":"","jetpack_publicize_message":"","jetpack_publicize_feature_enabled":true,"jetpack_social_post_already_shared":true,"jetpack_social_options":{"image_generator_settings":{"template":"highway","default_image_id":0,"font":"","enabled":false},"version":2}},"categories":[8,37],"tags":[],"class_list":["post-87088","post","type-post","status-publish","format-standard","has-post-thumbnail","hentry","category-policiales","category-resistencia"],"jetpack_publicize_connections":[],"jetpack_featured_media_url":"https:\/\/portalmovil.com.ar\/wp-content\/uploads\/2023\/11\/resi.jpg","jetpack_sharing_enabled":true,"amp_enabled":true,"_links":{"self":[{"href":"https:\/\/portalmovil.com.ar\/index.php\/wp-json\/wp\/v2\/posts\/87088","targetHints":{"allow":["GET"]}}],"collection":[{"href":"https:\/\/portalmovil.com.ar\/index.php\/wp-json\/wp\/v2\/posts"}],"about":[{"href":"https:\/\/portalmovil.com.ar\/index.php\/wp-json\/wp\/v2\/types\/post"}],"author":[{"embeddable":true,"href":"https:\/\/portalmovil.com.ar\/index.php\/wp-json\/wp\/v2\/users\/6"}],"replies":[{"embeddable":true,"href":"https:\/\/portalmovil.com.ar\/index.php\/wp-json\/wp\/v2\/comments?post=87088"}],"version-history":[{"count":1,"href":"https:\/\/portalmovil.com.ar\/index.php\/wp-json\/wp\/v2\/posts\/87088\/revisions"}],"predecessor-version":[{"id":87090,"href":"https:\/\/portalmovil.com.ar\/index.php\/wp-json\/wp\/v2\/posts\/87088\/revisions\/87090"}],"wp:featuredmedia":[{"embeddable":true,"href":"https:\/\/portalmovil.com.ar\/index.php\/wp-json\/wp\/v2\/media\/87089"}],"wp:attachment":[{"href":"https:\/\/portalmovil.com.ar\/index.php\/wp-json\/wp\/v2\/media?parent=87088"}],"wp:term":[{"taxonomy":"category","embeddable":true,"href":"https:\/\/portalmovil.com.ar\/index.php\/wp-json\/wp\/v2\/categories?post=87088"},{"taxonomy":"post_tag","embeddable":true,"href":"https:\/\/portalmovil.com.ar\/index.php\/wp-json\/wp\/v2\/tags?post=87088"}],"curies":[{"name":"wp","href":"https:\/\/api.w.org\/{rel}","templated":true}]}}