{"id":87065,"date":"2023-11-22T23:18:22","date_gmt":"2023-11-23T02:18:22","guid":{"rendered":"https:\/\/portalmovil.com.ar\/?p=87065"},"modified":"2023-11-22T23:18:32","modified_gmt":"2023-11-23T02:18:32","slug":"un-comisario-chaqueno-festejo-el-triunfo-de-javier-milei-con-un-posteo-de-un-falcon-verde","status":"publish","type":"post","link":"https:\/\/portalmovil.com.ar\/index.php\/2023\/11\/22\/un-comisario-chaqueno-festejo-el-triunfo-de-javier-milei-con-un-posteo-de-un-falcon-verde\/","title":{"rendered":"Un comisario chaque\u00f1o festej\u00f3 el triunfo de Javier Milei con un posteo de un Falcon verde"},"content":{"rendered":"\n<p>Este martes, el Comit\u00e9 para la Prevenci\u00f3n de la Tortura de la provincia denunci\u00f3<strong>\u00a0el posteo en redes sociales que realiz\u00f3 V\u00edctor Encina, comisario<\/strong>\u00a0de la localidad de Coronel Du Graty,\u00a0<strong>\u00abSeeeeeee\u2026\u2026..ahora siiii\u2026.\u00bb, fue la descripci\u00f3n que puso en su publicaci\u00f3n donde se puede ver un video de la salida de un Falcon color verde, acompa\u00f1ado con una imagen de Jorge Rafael Videla,<\/strong>\u00a0presidente de facto en la \u00faltima dictadura c\u00edvico-militar.<\/p>\n\n\n\n<p>Esta publicaci\u00f3n en redes sociales se realiz\u00f3 luego de la victoria de Javier Milei en las elecciones presidenciales,&nbsp;<strong>ahora el \u00d3rgano de Control Institucional (OCI) deber\u00e1 revisar la conducta del comisario Encina de 40 a\u00f1os, y en consecuencia avanzar.<\/strong><\/p>\n\n\n\n<p>En el comunicado emitido por la entidad, resaltan que el accionar del comisario es una reivindicaci\u00f3n a los delitos de lesa humanidad<strong>, e incurre en el art\u00edculo 99 del Reglamento del R\u00e9gimen Disciplinario Policial referido a las \u00abfaltas graves\u00bb particularmente el inciso A que corresponde a \u00abFaltas a la \u00c9tica Profesional\u00bb.<\/strong><\/p>\n\n\n\n<p>Adem\u00e1s, en la presentaci\u00f3n, resaltaron que \u00abde conformidad a la normativa vigente en raz\u00f3n del derecho a la memoria, verdad y justicia por los cr\u00edmenes de lesa humanidad se determina como una obligaci\u00f3n estatal el no rendir honores a los responsables de graves violaciones a los derechos humanos\u00bb.<\/p>\n","protected":false},"excerpt":{"rendered":"<p>Este martes, el Comit\u00e9 para la Prevenci\u00f3n de la Tortura de la provincia denunci\u00f3\u00a0el posteo en redes sociales que realiz\u00f3 V\u00edctor Encina, comisario\u00a0de la localidad de Coronel Du Graty,\u00a0\u00abSeeeeeee\u2026\u2026..ahora siiii\u2026.\u00bb, fue la descripci\u00f3n que puso en su publicaci\u00f3n donde se puede ver un video de la salida de un Falcon color verde, acompa\u00f1ado con una &hellip;<\/p>\n","protected":false},"author":2,"featured_media":87066,"comment_status":"open","ping_status":"open","sticky":false,"template":"","format":"standard","meta":{"_jetpack_memberships_contains_paid_content":false,"footnotes":"","jetpack_publicize_message":"","jetpack_publicize_feature_enabled":true,"jetpack_social_post_already_shared":true,"jetpack_social_options":{"image_generator_settings":{"template":"highway","default_image_id":0,"font":"","enabled":false},"version":2}},"categories":[5,8],"tags":[],"class_list":["post-87065","post","type-post","status-publish","format-standard","has-post-thumbnail","hentry","category-chaco","category-policiales"],"jetpack_publicize_connections":[],"jetpack_featured_media_url":"https:\/\/portalmovil.com.ar\/wp-content\/uploads\/2023\/11\/255969w480h343c.jpg.webp","jetpack_sharing_enabled":true,"amp_enabled":true,"_links":{"self":[{"href":"https:\/\/portalmovil.com.ar\/index.php\/wp-json\/wp\/v2\/posts\/87065","targetHints":{"allow":["GET"]}}],"collection":[{"href":"https:\/\/portalmovil.com.ar\/index.php\/wp-json\/wp\/v2\/posts"}],"about":[{"href":"https:\/\/portalmovil.com.ar\/index.php\/wp-json\/wp\/v2\/types\/post"}],"author":[{"embeddable":true,"href":"https:\/\/portalmovil.com.ar\/index.php\/wp-json\/wp\/v2\/users\/2"}],"replies":[{"embeddable":true,"href":"https:\/\/portalmovil.com.ar\/index.php\/wp-json\/wp\/v2\/comments?post=87065"}],"version-history":[{"count":1,"href":"https:\/\/portalmovil.com.ar\/index.php\/wp-json\/wp\/v2\/posts\/87065\/revisions"}],"predecessor-version":[{"id":87067,"href":"https:\/\/portalmovil.com.ar\/index.php\/wp-json\/wp\/v2\/posts\/87065\/revisions\/87067"}],"wp:featuredmedia":[{"embeddable":true,"href":"https:\/\/portalmovil.com.ar\/index.php\/wp-json\/wp\/v2\/media\/87066"}],"wp:attachment":[{"href":"https:\/\/portalmovil.com.ar\/index.php\/wp-json\/wp\/v2\/media?parent=87065"}],"wp:term":[{"taxonomy":"category","embeddable":true,"href":"https:\/\/portalmovil.com.ar\/index.php\/wp-json\/wp\/v2\/categories?post=87065"},{"taxonomy":"post_tag","embeddable":true,"href":"https:\/\/portalmovil.com.ar\/index.php\/wp-json\/wp\/v2\/tags?post=87065"}],"curies":[{"name":"wp","href":"https:\/\/api.w.org\/{rel}","templated":true}]}}